{"id":59103,"date":"2021-04-10T19:03:06","date_gmt":"2021-04-10T17:03:06","guid":{"rendered":"http:\/\/www.messinaoggi.it\/website\/?p=59103"},"modified":"2021-04-10T19:03:07","modified_gmt":"2021-04-10T17:03:07","slug":"santoro-pmisicilia-fdi-non-faccia-marchette-sulle-nostre-spalle","status":"publish","type":"post","link":"https:\/\/www.messinaoggi.it\/website\/2021\/04\/10\/santoro-pmisicilia-fdi-non-faccia-marchette-sulle-nostre-spalle\/","title":{"rendered":"Santoro (PmiSicilia): &#8220;Fdi non faccia marchette sulle nostre spalle&#8221;"},"content":{"rendered":"\n<p>Posizione molto critica di PmiSicilia contro Fratelli d&#8217;Italia che domani mattina sar\u00e0 presente con banchetti nelle principali piazze cittadine, a sostegno del commercio. La manifestazione non ha riscosso successo fra gli stessi commercianti, al punto che Lino Santoro, delegato provinciale di PmiSiiclia definisce, senza mezzi termini, l&#8217;evento una &#8220;marchetta politica&#8221;.<div id=\"div-gpt-ad-Messinaoggi.it-DSK-300x250-corpoart\" style=\"text-align:center;margin:0 auto;\"><\/div><\/p>\n\n\n\n<p>&#8220;Nulla di personale contro l&#8217;on. Elvira Amata &#8211; afferma Santoro &#8211; ma mi chiedo dove sia stata in questi ultimi tredici mesi la parlamentare messinese che oggi si accorge della crisi del nostro settore. La Amata fa parte della coalizione del governo regionale e le chiedo cosa ha fatto la Regione per sostenere il commercio e consentirci di rialzarci. Se non lo sa glielo suggerisco io nell&#8217;orecchio: nulla. Oggi da imprenditore del commercio, e soprattutto da rappresentante di un&#8217;associazione datoriale, dico che non abbiamo bisogno del sostegno di questo partito che in Sicilia \u00e8 stato complice della nostra disfatta economica. Non siamo disposti a prestare il fianco alle marchette politiche di Fratelli d&#8217;Italia. Questo deve essere chiaro ai promotori della manifestazione che da commerciante di piazza Cairoli non accetto&#8221;.<div id=\"videoincontent\" style=\"clear:both\";><\/div><\/p>\n\n\n\n<p>Santoro \u00e8 un fiume in piena e lancia un messaggio chiaro: &#8220;Non vogliamo solidariet\u00e0 da chi \u00e8 rimasto con le mani in mano per 13 mesi, noi solo sappiamo le pene dell&#8217;inferno che stiamo passando e se qualcuno pensa di piantare una bandierina politica a Messina, dicendo di essere solidale con noi, se lo pu\u00f2 togliere dalla testa&#8221;.<\/p>\n","protected":false},"excerpt":{"rendered":"<p>Posizione molto critica di PmiSicilia contro Fratelli d&#8217;Italia che domani mattina sar\u00e0 presente con banchetti nelle principali piazze cittadine, a sostegno del commercio. La manifestazione non ha riscosso successo fra gli stessi commercianti, al punto che Lino Santoro, delegato provinciale di PmiSiiclia definisce, senza mezzi termini, l&#8217;evento una &#8220;marchetta politica&#8221;. &#8220;Nulla di personale contro l&#8217;on. [&hellip;]<\/p>\n","protected":false},"author":2,"featured_media":48365,"comment_status":"open","ping_status":"open","sticky":false,"template":"","format":"standard","meta":{"ub_ctt_via":"","_mi_skip_tracking":false},"categories":[6],"tags":[1291,1292,900],"featured_image_src":"https:\/\/www.messinaoggi.it\/website\/wp-content\/uploads\/2020\/10\/122444913_10220863668973257_2782246404841939251_n.jpg","author_info":{"display_name":"Redazione","author_link":"https:\/\/www.messinaoggi.it\/website\/author\/redazione\/"},"digistream_id":0,"digistream":false,"_links":{"self":[{"href":"https:\/\/www.messinaoggi.it\/website\/wp-json\/wp\/v2\/posts\/59103"}],"collection":[{"href":"https:\/\/www.messinaoggi.it\/website\/wp-json\/wp\/v2\/posts"}],"about":[{"href":"https:\/\/www.messinaoggi.it\/website\/wp-json\/wp\/v2\/types\/post"}],"author":[{"embeddable":true,"href":"https:\/\/www.messinaoggi.it\/website\/wp-json\/wp\/v2\/users\/2"}],"replies":[{"embeddable":true,"href":"https:\/\/www.messinaoggi.it\/website\/wp-json\/wp\/v2\/comments?post=59103"}],"version-history":[{"count":1,"href":"https:\/\/www.messinaoggi.it\/website\/wp-json\/wp\/v2\/posts\/59103\/revisions"}],"predecessor-version":[{"id":59104,"href":"https:\/\/www.messinaoggi.it\/website\/wp-json\/wp\/v2\/posts\/59103\/revisions\/59104"}],"wp:featuredmedia":[{"embeddable":true,"href":"https:\/\/www.messinaoggi.it\/website\/wp-json\/wp\/v2\/media\/48365"}],"wp:attachment":[{"href":"https:\/\/www.messinaoggi.it\/website\/wp-json\/wp\/v2\/media?parent=59103"}],"wp:term":[{"taxonomy":"category","embeddable":true,"href":"https:\/\/www.messinaoggi.it\/website\/wp-json\/wp\/v2\/categories?post=59103"},{"taxonomy":"post_tag","embeddable":true,"href":"https:\/\/www.messinaoggi.it\/website\/wp-json\/wp\/v2\/tags?post=59103"}],"curies":[{"name":"wp","href":"https:\/\/api.w.org\/{rel}","templated":true}]}}