{"id":5909,"date":"2017-08-03T19:10:08","date_gmt":"2017-08-03T17:10:08","guid":{"rendered":"http:\/\/www.messinaoggi.it\/website\/?p=5909"},"modified":"2017-08-03T19:10:08","modified_gmt":"2017-08-03T17:10:08","slug":"fiore-di-agave-sara-girato-a-settembre-a-messina-coraggio-di-4-donne-prodotto-da-cam","status":"publish","type":"post","link":"https:\/\/www.messinaoggi.it\/website\/2017\/08\/03\/fiore-di-agave-sara-girato-a-settembre-a-messina-coraggio-di-4-donne-prodotto-da-cam\/","title":{"rendered":"\u201cFiore di Agave\u201d, sar\u00e0 girato a settembre a Messina. Coraggio di 4 donne prodotto da Cam"},"content":{"rendered":"<p style=\"text-align: justify\">Una bambina chiusa in una stanza ed una madre che non la fa uscire fin quando tutto non sar\u00e0 risolto, fin quando la su vita non sar\u00e0 andata del tutto a rotoli. In mezzo a questo l\u2019esperienza e anche l\u2019immaturit\u00e0 a volte di quattro donne nell\u2019affrontare la vita anche dopo la donazione fisica di un cuore o durante una gravidanza. Il\u00a0film\u00a0<strong style=\"font-style: inherit\">\u201cFiore di Agave\u201d<\/strong> \u00e8 stato presentato questa mattina nella\u00a0<strong style=\"font-style: inherit\">Sala Ovale<\/strong>\u00a0del\u00a0<strong style=\"font-style: inherit\">Comune di Messina<\/strong> da <strong>CAM<\/strong>, Centro Artistico del Mediterraneo che lo produce e la\u00a0<strong style=\"font-style: inherit\">Confcommercio di Messina<\/strong>\u00a0che lo patrocina. A progettare questa nuova creatura \u00e8 il regista Salvatore Arimatea che, nel corso di una conferenza stampa, ha voluto fare risaltare le bravura di tutta il cast, dei suoi sceneggiatori, del direttore della fotografia che lavora a Londra per una prestigiosa agenzia.<div id=\"div-gpt-ad-Messinaoggi.it-DSK-300x250-corpoart\" style=\"text-align:center;margin:0 auto;\"><\/div><\/p>\n<p style=\"text-align: justify\">\u201cI talenti in Sicilia e a Messina ci sono e non possono perdersi lungo la strada o non essere mai scoperti &#8211; dichiara l\u2019assessore alla Cultura del Comune di Messina, Federico Alagna. Grazie ad Arimatea \u00e8 possibile stringere rapporti e legami indissolubili con questa terra\u201d. Il presidente di Confcommercio Messina, Carmelo Picciotto, ha ricordato che \u201cMessina pu\u00f2 essere volano di cultura ed economia. Basta industriarsi, organizzare le occasioni, rivolgersi alle personalit\u00e0 giuste, ai partners giusti e alle imprese giuste. Anche il cinema \u00e8 un\u2019impresa che va nutrita. Un partner su tutti \u00e8 a Uil di Messina ma anche i privati come i commercianti e servizi come il pullman turistico dove nel pomeriggio \u00e8 possibile andare a vistare la citt\u00e0 con tutto il cast e da cui si costruir\u00e0 il backstage del film fotografando i magnifici posti della citt\u00e0\u201d.<div id=\"videoincontent\" style=\"clear:both\";><\/div><\/p>\n<p style=\"text-align: justify\">A contribuire alla riuscita della pellicola e presenti alla presentazione sono le attrici protagoniste del film\u00a0<strong style=\"font-style: inherit\">Fioretta Mari<\/strong>,\u00a0<strong style=\"font-style: inherit\">Clara Cirignotta<\/strong>,\u00a0<strong style=\"font-style: inherit\">Chiara Esposito<\/strong>\u00a0e la piccola\u00a0<strong style=\"font-style: inherit\">Andrea Messina<\/strong>, il regista\u00a0<strong style=\"font-style: inherit\">Salvatore Arimatea<\/strong>, la produttrice\u00a0<strong style=\"font-style: inherit\">Francesca Barbera<\/strong>\u00a0e numerosi membri dello staff. Si svolgeranno ulteriori provini da smaltire nelle prossime settimane per completare il cast artistico di \u201c<em style=\"font-weight: inherit\"><strong>Fiore di Agave<\/strong><\/em>\u201d.<\/p>\n<p style=\"text-align: justify\">Le riprese cominceranno a met\u00e0 settembre a Messina e in diverse parti della provincia, dar\u00e0 modo di riflettere sul tema della donazione degli organi, dell\u2019aborto e dell\u2019assistenza ai soggetti svantaggiati. Arimatea intende raccontare il vissuto di quattro donne che ha il sopravvento sulle proprie emozioni. Queste figure sanno messe a dura prova e ne uscir\u00e0 un quadro molto particolare e suggestivo.<\/p>\n<p style=\"text-align: justify\">Il\u00a0<strong style=\"font-style: inherit\">Salotto Fellini di Piazza Duomo, a partire dalle 20.30<\/strong>, accoglier\u00e0 un evento speciale per spingere questo nuovo progetto cinematografico del CAM che si proietta a valorizzare il territorio della citt\u00e0 di Messina.<\/p>\n<p style=\"text-align: right\"><strong>Foto Rocco Papandrea<\/strong><\/p>\n","protected":false},"excerpt":{"rendered":"<p>Una bambina chiusa in una stanza ed una madre che non la fa uscire fin quando tutto non sar\u00e0 risolto, fin quando la su vita non sar\u00e0 andata del tutto a rotoli. In mezzo a questo l\u2019esperienza e anche l\u2019immaturit\u00e0 a volte di quattro donne nell\u2019affrontare la vita anche dopo la donazione fisica di un [&hellip;]<\/p>\n","protected":false},"author":7,"featured_media":5892,"comment_status":"closed","ping_status":"open","sticky":false,"template":"","format":"standard","meta":{"ub_ctt_via":"","_mi_skip_tracking":false},"categories":[5],"tags":[],"featured_image_src":"https:\/\/www.messinaoggi.it\/website\/wp-content\/uploads\/2017\/08\/ok-RRP_8135-2.jpg","author_info":{"display_name":"Redazione1","author_link":"https:\/\/www.messinaoggi.it\/website\/author\/redazione1\/"},"digistream_id":0,"digistream":false,"_links":{"self":[{"href":"https:\/\/www.messinaoggi.it\/website\/wp-json\/wp\/v2\/posts\/5909"}],"collection":[{"href":"https:\/\/www.messinaoggi.it\/website\/wp-json\/wp\/v2\/posts"}],"about":[{"href":"https:\/\/www.messinaoggi.it\/website\/wp-json\/wp\/v2\/types\/post"}],"author":[{"embeddable":true,"href":"https:\/\/www.messinaoggi.it\/website\/wp-json\/wp\/v2\/users\/7"}],"replies":[{"embeddable":true,"href":"https:\/\/www.messinaoggi.it\/website\/wp-json\/wp\/v2\/comments?post=5909"}],"version-history":[{"count":0,"href":"https:\/\/www.messinaoggi.it\/website\/wp-json\/wp\/v2\/posts\/5909\/revisions"}],"wp:featuredmedia":[{"embeddable":true,"href":"https:\/\/www.messinaoggi.it\/website\/wp-json\/wp\/v2\/media\/5892"}],"wp:attachment":[{"href":"https:\/\/www.messinaoggi.it\/website\/wp-json\/wp\/v2\/media?parent=5909"}],"wp:term":[{"taxonomy":"category","embeddable":true,"href":"https:\/\/www.messinaoggi.it\/website\/wp-json\/wp\/v2\/categories?post=5909"},{"taxonomy":"post_tag","embeddable":true,"href":"https:\/\/www.messinaoggi.it\/website\/wp-json\/wp\/v2\/tags?post=5909"}],"curies":[{"name":"wp","href":"https:\/\/api.w.org\/{rel}","templated":true}]}}