{"id":59064,"date":"2021-04-10T15:07:37","date_gmt":"2021-04-10T13:07:37","guid":{"rendered":"https:\/\/www.messinaoggi.it\/website\/2021\/04\/10\/conte-non-abbiamo-ancora-vinto-nulla-ma-ora-inter-credibile\/"},"modified":"2021-04-10T19:14:29","modified_gmt":"2021-04-10T17:14:29","slug":"conte-non-abbiamo-ancora-vinto-nulla-ma-ora-inter-credibile","status":"publish","type":"post","link":"https:\/\/www.messinaoggi.it\/website\/2021\/04\/10\/conte-non-abbiamo-ancora-vinto-nulla-ma-ora-inter-credibile\/","title":{"rendered":"Conte \u201cNon abbiamo ancora vinto nulla, ma ora Inter credibile\u201d"},"content":{"rendered":"<div>APPIANO GENTILE (ITALPRESS) &#8211; &#8220;Non abbiamo ancora fatto niente, anzi una cosa importante s\u00ec: abbiamo ridato credibilit\u00e0 all&#8217;Inter che ora \u00e8 vista come un&#8217;antagonista anche in Europa visto che siamo arrivati in finale di Europa League l&#8217;anno scorso e qualcuno forse l&#8217;ha dimenticato, in due anni abbiamo raggiunto questo obiettivo, ora c&#8217;\u00e8 da fare l&#8217;ultimo step che ancora non \u00e8 stato fatto, ma mi auguro di poterne parlare a cose fatte&#8221;. Cos\u00ec Antonio Conte alla vigilia di Inter-Cagliari, match che potrebbe ulteriormente avvicinare i nerazzurri allo scudetto. &#8220;Sappiamo benissimo le delusioni che possono esserci dietro l&#8217;angolo, ho grande esperienza per sapere che devo pensare al presente, poi magari in futuro potr\u00f2 parlare di qualcosa di straordinario che pu\u00f2 essere fatto, ma ora non facciamo proclami, non sono abituato a farli, vivo di presente e ancora non abbiamo vinto niente, abbiamo per\u00f2 riacquistato grande credibilit\u00e0 e questa \u00e8 una grandissima cosa. Non bisogna dare linfa a chi ci insegue, la cosa pi\u00f9 importante da fare \u00e8 vincere, perch\u00e8 se vinci chi insegue, prima o poi, molla&#8221;. Per questo le critiche di chi non apprezza il suo gioco e non vede possibili grandi risultati in Europa, non interessano pi\u00f9 di tanto Conte. &#8220;Io penso a fare qualcosa di straordinario in Italia dove da 9 anni c&#8217;\u00e8 una sola squadra come indiscussa protagonista, chi parla dell&#8217;Inter dovrebbe occuparsi di questo e vedere oltre il proprio naso senza fare discorsi futuristici, penso che bisognerebbe dare enfasi e valore a quello che stanno facendo i ragazzi e non a cosa faremo l&#8217;anno prossimo in Champions&#8221;. &#8220;Venire all&#8217;Inter \u00e8 stata la scelta pi\u00f9 difficile, ma io non scelgo situazioni di comfort, non vivo di rendita, mi piace sempre mettermi in discussione e l&#8217;Inter \u00e8 stata il non plus ultra da questo punto di vista, avevo e continuo ad avere tantissimo da perdere, ma io ho la testa dura e sono pronto ad abbattere anche i muri con la testa&#8221;, ha aggiunto il tecnico, concentrato sul Cagliari. &#8220;Mi sorprende la loro classifica, erano partiti con altri obiettivi, ma sono in una posizione pericolosa, nonostante una rosa competitiva&#8221;. <br \/>(ITALPRESS).<\/div>\n<div id=\"div-gpt-ad-Messinaoggi.it-DSK-300x250-corpoart\" style=\"text-align:center;margin:0 auto;\"><\/div><\/p><div id=\"videoincontent\" style=\"clear:both\";><\/div>","protected":false},"excerpt":{"rendered":"<p>APPIANO GENTILE (ITALPRESS) &#8211; &#8220;Non abbiamo ancora fatto niente, anzi una cosa importante s\u00ec: abbiamo ridato credibilit\u00e0 all&#8217;Inter che ora \u00e8 vista come un&#8217;antagonista anche in Europa visto che siamo arrivati in finale di Europa League l&#8217;anno scorso e qualcuno forse l&#8217;ha dimenticato, in due anni abbiamo raggiunto questo obiettivo, ora c&#8217;\u00e8 da fare l&#8217;ultimo [&hellip;]<\/p>\n","protected":false},"author":18,"featured_media":59065,"comment_status":"closed","ping_status":"closed","sticky":false,"template":"","format":"standard","meta":{"ub_ctt_via":"","_mi_skip_tracking":false},"categories":[10,446,9],"tags":[783],"featured_image_src":"https:\/\/www.messinaoggi.it\/website\/wp-content\/uploads\/2021\/04\/20210410_1170.jpg","author_info":{"display_name":"Admin","author_link":"https:\/\/www.messinaoggi.it\/website\/author\/admin\/"},"digistream_id":0,"digistream":false,"_links":{"self":[{"href":"https:\/\/www.messinaoggi.it\/website\/wp-json\/wp\/v2\/posts\/59064"}],"collection":[{"href":"https:\/\/www.messinaoggi.it\/website\/wp-json\/wp\/v2\/posts"}],"about":[{"href":"https:\/\/www.messinaoggi.it\/website\/wp-json\/wp\/v2\/types\/post"}],"author":[{"embeddable":true,"href":"https:\/\/www.messinaoggi.it\/website\/wp-json\/wp\/v2\/users\/18"}],"replies":[{"embeddable":true,"href":"https:\/\/www.messinaoggi.it\/website\/wp-json\/wp\/v2\/comments?post=59064"}],"version-history":[{"count":1,"href":"https:\/\/www.messinaoggi.it\/website\/wp-json\/wp\/v2\/posts\/59064\/revisions"}],"predecessor-version":[{"id":59109,"href":"https:\/\/www.messinaoggi.it\/website\/wp-json\/wp\/v2\/posts\/59064\/revisions\/59109"}],"wp:featuredmedia":[{"embeddable":true,"href":"https:\/\/www.messinaoggi.it\/website\/wp-json\/wp\/v2\/media\/59065"}],"wp:attachment":[{"href":"https:\/\/www.messinaoggi.it\/website\/wp-json\/wp\/v2\/media?parent=59064"}],"wp:term":[{"taxonomy":"category","embeddable":true,"href":"https:\/\/www.messinaoggi.it\/website\/wp-json\/wp\/v2\/categories?post=59064"},{"taxonomy":"post_tag","embeddable":true,"href":"https:\/\/www.messinaoggi.it\/website\/wp-json\/wp\/v2\/tags?post=59064"}],"curies":[{"name":"wp","href":"https:\/\/api.w.org\/{rel}","templated":true}]}}