{"id":59062,"date":"2021-04-10T15:07:35","date_gmt":"2021-04-10T13:07:35","guid":{"rendered":"https:\/\/www.messinaoggi.it\/website\/2021\/04\/10\/fonseca-il-mio-futuro-adesso-non-conta-infortuni-si-gioca-troppo\/"},"modified":"2021-04-10T19:14:20","modified_gmt":"2021-04-10T17:14:20","slug":"fonseca-il-mio-futuro-adesso-non-conta-infortuni-si-gioca-troppo","status":"publish","type":"post","link":"https:\/\/www.messinaoggi.it\/website\/2021\/04\/10\/fonseca-il-mio-futuro-adesso-non-conta-infortuni-si-gioca-troppo\/","title":{"rendered":"Fonseca \u201cIl mio futuro adesso non conta. Infortuni? Si gioca troppo\u201d"},"content":{"rendered":"<div>ROMA (ITALPRESS) &#8211; &#8220;Non \u00e8 importante il mio futuro, sono solo focalizzato sul presente. Quel che conta in questo momento \u00e8 la Roma. Un tecnico esperto di calcio italiano nel mio staff? Non l&#8217;ho mai pensato&#8221;. Queste le parole nella conferenza stampa pre Roma-Bologna di Paulo Fonseca che liquida le domande sul suo futuro da tecnico giallorosso. &#8220;Gli infortuni muscolari? E&#8217; un problema di tutte le squadre che giocano tante partite e che hanno giocatori in Nazionale &#8211; prosegue il tecnico portoghese &#8211; Quello che succede alla Roma succede in tanti grandi club. E&#8217; un calendario congestionato con tante partite, in questo momento si nota di pi\u00f9. E&#8217; un problema che dobbiamo affrontare. Guardiola ne parla sempre, i giocatori non sono macchine&#8221;. E sulla differenza di rendimento dei giallorossi tra Serie A ed Europa League aggiunge: &#8220;Sono due competizioni diverse, come ho detto prima della partita con l&#8217;Ajax, ma siamo stati quasi sempre in tutta la stagione nelle prime quattro della classifica. E ci sono mancati anche giocatori importanti&#8221;. Aggiornamento poi sull&#8217;infermeria: &#8220;Sar\u00e0 difficile avere Smalling contro l&#8217;Ajax. Mkhitaryan si \u00e8 allenato oggi col gruppo ma non partir\u00e0 dall&#8217;inizio contro il Bologna. Pastore? E&#8217; stato fermo per tanto tempo, ho gi\u00e0 parlato con lui e deve tornare a giocare nel momento e nel contesto giusto. Lui conosce il mio pensiero&#8221;.<br \/>(ITALPRESS).<\/div>\n<div id=\"div-gpt-ad-Messinaoggi.it-DSK-300x250-corpoart\" style=\"text-align:center;margin:0 auto;\"><\/div><\/p><div id=\"videoincontent\" style=\"clear:both\";><\/div>","protected":false},"excerpt":{"rendered":"<p>ROMA (ITALPRESS) &#8211; &#8220;Non \u00e8 importante il mio futuro, sono solo focalizzato sul presente. Quel che conta in questo momento \u00e8 la Roma. Un tecnico esperto di calcio italiano nel mio staff? Non l&#8217;ho mai pensato&#8221;. Queste le parole nella conferenza stampa pre Roma-Bologna di Paulo Fonseca che liquida le domande sul suo futuro da [&hellip;]<\/p>\n","protected":false},"author":18,"featured_media":59063,"comment_status":"closed","ping_status":"closed","sticky":false,"template":"","format":"standard","meta":{"ub_ctt_via":"","_mi_skip_tracking":false},"categories":[10,446,9],"tags":[783],"featured_image_src":"https:\/\/www.messinaoggi.it\/website\/wp-content\/uploads\/2021\/04\/20210410_1169.jpg","author_info":{"display_name":"Admin","author_link":"https:\/\/www.messinaoggi.it\/website\/author\/admin\/"},"digistream_id":0,"digistream":false,"_links":{"self":[{"href":"https:\/\/www.messinaoggi.it\/website\/wp-json\/wp\/v2\/posts\/59062"}],"collection":[{"href":"https:\/\/www.messinaoggi.it\/website\/wp-json\/wp\/v2\/posts"}],"about":[{"href":"https:\/\/www.messinaoggi.it\/website\/wp-json\/wp\/v2\/types\/post"}],"author":[{"embeddable":true,"href":"https:\/\/www.messinaoggi.it\/website\/wp-json\/wp\/v2\/users\/18"}],"replies":[{"embeddable":true,"href":"https:\/\/www.messinaoggi.it\/website\/wp-json\/wp\/v2\/comments?post=59062"}],"version-history":[{"count":1,"href":"https:\/\/www.messinaoggi.it\/website\/wp-json\/wp\/v2\/posts\/59062\/revisions"}],"predecessor-version":[{"id":59108,"href":"https:\/\/www.messinaoggi.it\/website\/wp-json\/wp\/v2\/posts\/59062\/revisions\/59108"}],"wp:featuredmedia":[{"embeddable":true,"href":"https:\/\/www.messinaoggi.it\/website\/wp-json\/wp\/v2\/media\/59063"}],"wp:attachment":[{"href":"https:\/\/www.messinaoggi.it\/website\/wp-json\/wp\/v2\/media?parent=59062"}],"wp:term":[{"taxonomy":"category","embeddable":true,"href":"https:\/\/www.messinaoggi.it\/website\/wp-json\/wp\/v2\/categories?post=59062"},{"taxonomy":"post_tag","embeddable":true,"href":"https:\/\/www.messinaoggi.it\/website\/wp-json\/wp\/v2\/tags?post=59062"}],"curies":[{"name":"wp","href":"https:\/\/api.w.org\/{rel}","templated":true}]}}