{"id":58903,"date":"2021-04-09T15:56:21","date_gmt":"2021-04-09T13:56:21","guid":{"rendered":"http:\/\/www.messinaoggi.it\/website\/?p=58903"},"modified":"2021-04-09T15:56:24","modified_gmt":"2021-04-09T13:56:24","slug":"calcio-lacr-messina-ingaggia-lattaccante-evangelista-cunzi","status":"publish","type":"post","link":"https:\/\/www.messinaoggi.it\/website\/2021\/04\/09\/calcio-lacr-messina-ingaggia-lattaccante-evangelista-cunzi\/","title":{"rendered":"CALCIO &#8211; L&#8217;Acr Messina ingaggia l&#8217;attaccante Evangelista Cunzi"},"content":{"rendered":"\n<p>Si muove sul mercato l&#8217;Acr Messina del presidente Pietro Sciotto. Nonostante il primo posto in solitaria nella speciale graduatoria del Girone I di serie D, la societ\u00e0 biancoscudata non lascia nulla al caso e si rinforza nel reparto offensivo ingaggiando il forte attaccante Evangelista Cunzi.<div id=\"div-gpt-ad-Messinaoggi.it-DSK-300x250-corpoart\" style=\"text-align:center;margin:0 auto;\"><\/div><\/p>\n\n\n\n<p>Con un comunicato trasmesso alle testate giornalistiche il club peloritano ha ufficializzato l&#8217;acquisto dell&#8217;attaccante partenopeo:<div id=\"videoincontent\" style=\"clear:both\";><\/div><\/p>\n\n\n\n<p>&#8220;<em>La societ\u00e0 Acr Messina comunica di aver acquisito le prestazioni sportive dell\u2019attaccante Evangelista Cunzi.<\/em>  <em>Nato a Napoli il 4 Maggio 1984, ha vestito le maglie di Catanzaro, Andria, Cassino, Gela, L\u2019Aquila, Ischia, Casertana, Paganese, Turris, Latina e Sorrento&#8221;<\/em>.<\/p>\n\n\n\n<div class=\"wp-block-image\"><figure class=\"aligncenter size-large\"><img loading=\"lazy\" width=\"1024\" height=\"611\" src=\"https:\/\/www.messinaoggi.it\/website\/wp-content\/uploads\/2021\/04\/evangelista-cunzi-1024x611.jpg\" alt=\"\" class=\"wp-image-58908\" srcset=\"https:\/\/www.messinaoggi.it\/website\/wp-content\/uploads\/2021\/04\/evangelista-cunzi-1024x611.jpg 1024w, https:\/\/www.messinaoggi.it\/website\/wp-content\/uploads\/2021\/04\/evangelista-cunzi-300x179.jpg 300w, https:\/\/www.messinaoggi.it\/website\/wp-content\/uploads\/2021\/04\/evangelista-cunzi-768x459.jpg 768w, https:\/\/www.messinaoggi.it\/website\/wp-content\/uploads\/2021\/04\/evangelista-cunzi.jpg 1199w\" sizes=\"(max-width: 1024px) 100vw, 1024px\" \/><figcaption><strong><em>L&#8217;attaccante Evangelista Cunzi (Acr Messina)<\/em><\/strong><\/figcaption><\/figure><\/div>\n\n\n\n<p>Il calciatore \u00e8 gi\u00e0 a disposizione del tecnico Raffaele Novelli che potr\u00e0 anche utilizzarlo nella difficila trasferta di Castrovillari di domenica prossima.<\/p>\n\n\n\n<p>Veterano in campo, Cunzi vanta 366 presenze tra campionati professionistici e serie D ed ha totalizzato 72 reti nella sua carriera.<\/p>\n\n\n\n<p>Nella stagione 2020\/21, in forza al Sorrento in serie D, ha totalizzato 9 presenze e 2 reti.<\/p>\n","protected":false},"excerpt":{"rendered":"<p>Si muove sul mercato l&#8217;Acr Messina del presidente Pietro Sciotto. Nonostante il primo posto in solitaria nella speciale graduatoria del Girone I di serie D, la societ\u00e0 biancoscudata non lascia nulla al caso e si rinforza nel reparto offensivo ingaggiando il forte attaccante Evangelista Cunzi. Con un comunicato trasmesso alle testate giornalistiche il club peloritano [&hellip;]<\/p>\n","protected":false},"author":17,"featured_media":58913,"comment_status":"open","ping_status":"open","sticky":false,"template":"","format":"standard","meta":{"ub_ctt_via":"","_mi_skip_tracking":false},"categories":[10,9],"tags":[1281],"featured_image_src":"https:\/\/www.messinaoggi.it\/website\/wp-content\/uploads\/2021\/04\/cunz4.png","author_info":{"display_name":"Giuseppe Luppino","author_link":"https:\/\/www.messinaoggi.it\/website\/author\/g-luppino\/"},"digistream_id":0,"digistream":false,"_links":{"self":[{"href":"https:\/\/www.messinaoggi.it\/website\/wp-json\/wp\/v2\/posts\/58903"}],"collection":[{"href":"https:\/\/www.messinaoggi.it\/website\/wp-json\/wp\/v2\/posts"}],"about":[{"href":"https:\/\/www.messinaoggi.it\/website\/wp-json\/wp\/v2\/types\/post"}],"author":[{"embeddable":true,"href":"https:\/\/www.messinaoggi.it\/website\/wp-json\/wp\/v2\/users\/17"}],"replies":[{"embeddable":true,"href":"https:\/\/www.messinaoggi.it\/website\/wp-json\/wp\/v2\/comments?post=58903"}],"version-history":[{"count":1,"href":"https:\/\/www.messinaoggi.it\/website\/wp-json\/wp\/v2\/posts\/58903\/revisions"}],"predecessor-version":[{"id":58909,"href":"https:\/\/www.messinaoggi.it\/website\/wp-json\/wp\/v2\/posts\/58903\/revisions\/58909"}],"wp:featuredmedia":[{"embeddable":true,"href":"https:\/\/www.messinaoggi.it\/website\/wp-json\/wp\/v2\/media\/58913"}],"wp:attachment":[{"href":"https:\/\/www.messinaoggi.it\/website\/wp-json\/wp\/v2\/media?parent=58903"}],"wp:term":[{"taxonomy":"category","embeddable":true,"href":"https:\/\/www.messinaoggi.it\/website\/wp-json\/wp\/v2\/categories?post=58903"},{"taxonomy":"post_tag","embeddable":true,"href":"https:\/\/www.messinaoggi.it\/website\/wp-json\/wp\/v2\/tags?post=58903"}],"curies":[{"name":"wp","href":"https:\/\/api.w.org\/{rel}","templated":true}]}}