{"id":5886,"date":"2017-08-03T11:30:47","date_gmt":"2017-08-03T09:30:47","guid":{"rendered":"http:\/\/www.messinaoggi.it\/website\/?p=5886"},"modified":"2017-08-03T11:30:47","modified_gmt":"2017-08-03T09:30:47","slug":"zes-garofalo-ap-grande-possibilita-da-non-sprecare","status":"publish","type":"post","link":"https:\/\/www.messinaoggi.it\/website\/2017\/08\/03\/zes-garofalo-ap-grande-possibilita-da-non-sprecare\/","title":{"rendered":"ZES, Garofalo (AP): &quot;Grande possibilit\u00e0 da non sprecare&quot;"},"content":{"rendered":"<p style=\"text-align: justify\"><span style=\"color: #000000\"><span style=\"font-family: Arial, sans-serif\"><span style=\"font-size: medium\">Zone economiche speciali. Istituite a seguito di un decreto legge approvato nelle settimane scorse dal Consiglio dei ministri, si fa riferimento in tal senso a determinate aree della penisola italiana svantaggiate sotto un profilo economico che, se in possesso di determinati parametri oggettivi quali l&#8217;appartenenza ad una specifica Regione, potranno beneficiare di un mix di incentivi e sgravi fiscali al fine di attrarre investimenti. Investimenti che, in definitiva, dovrebbero comportare uno slancio economico dei territori in questione: il condizionale sembrerebbe per\u00f2 d&#8217;obbligo perch\u00e9, come sottolinea lo stesso deputato alla Camera di Area Popolare Vincenzo Garofalo in una lettera aperta su tale tema, sar\u00e0 &#8220;la capacit\u00e0 di elaborare il piano di sviluppo strategico a fare la differenza tra una misura che pu\u00f2 essere un semplice incentivo agli imprenditori e una misura che, invece, diventi volano di sviluppo e crescita di tutto il territorio&#8221;.<\/span><\/span><\/span><div id=\"div-gpt-ad-Messinaoggi.it-DSK-300x250-corpoart\" style=\"text-align:center;margin:0 auto;\"><\/div><\/p>\n<p style=\"text-align: justify\"><span style=\"color: #000000\"><span style=\"font-family: Arial, sans-serif\"><span style=\"font-size: medium\">Riportiamo di seguito il testo per intero della lettera aperta di Garofalo sulle ZES:<\/span><\/span><\/span><div id=\"videoincontent\" style=\"clear:both\";><\/div><\/p>\n<p style=\"text-align: justify\"><span style=\"color: #000000\"><span style=\"font-family: Arial, sans-serif\"><span style=\"font-size: medium\">&#8220;L&#8217;istituzione di zone economiche speciali \u00e8 una opportunit\u00e0 per il nostro territorio. Lo \u00e8 perch\u00e9 capace di allettare chi pu\u00f2 investire capitali a farlo nelle nostre terre godendo di agevolazioni, semplificazioni, sgravi fiscali, credito d&#8217;imposta.\u00a0<\/span><\/span><\/span><\/p>\n<p style=\"text-align: justify\"><span style=\"color: #000000\"><span style=\"font-family: Arial, sans-serif\"><span style=\"font-size: medium\">L&#8217;abbiamo voluta insieme al senatore Mancuso perch\u00e9 riteniamo che la Sicilia come le altre regioni che godranno delle disposizioni di questo decreto, paghi lo scotto di una mancanza di sviluppo determinata anche in gran parte da infrastrutture che non funzionano, collegamenti inadeguati che rendono antieconomico investire da noi. Per questo a nostro avviso occorreva un incentivo. Un incentivo che di fatto ci \u00e8 stato dato con questo decreto Sud che, diciamolo, non colma le lacune di anni di abbandono ma sicuramente \u00e8 un segno tangibile e concreto di attenzione al Sud.\u00a0<\/span><\/span><\/span><\/p>\n<p style=\"text-align: justify\"><span style=\"color: #000000\"><span style=\"font-family: Arial, sans-serif\"><span style=\"font-size: medium\">Abbiamo ottenuto dunque che questa previsione entrasse nel decreto. Questo quanto potevamo fare come parlamentari e questo quanto abbiamo fatto.\u00a0<\/span><\/span><\/span><\/p>\n<p style=\"text-align: justify\"><span style=\"color: #000000\"><span style=\"font-family: Arial, sans-serif\"><span style=\"font-size: medium\">Ora per\u00f2 occorre una attivazione a livello locale.\u00a0<\/span><\/span><\/span><\/p>\n<p style=\"text-align: justify\"><span style=\"color: #000000\"><span style=\"font-family: Arial, sans-serif\"><span style=\"font-size: medium\">Per ottenere il riconoscimento delle aree come ZES, infatti, \u00a0\u00e8 necessario avere determinati requisiti oggettivi come l&#8217;appartenere a una data regione o l&#8217;avere all&#8217;interno della zona designata un porto, ma occorre anche che vi sia per l&#8217;area un piano di sviluppo strategico.<\/span><\/span><\/span><\/p>\n<p style=\"text-align: justify\"><span style=\"color: #000000\"><span style=\"font-family: Arial, sans-serif\"><span style=\"font-size: medium\">E, attenzione, \u00a0sar\u00e0 proprio la capacit\u00e0 di elaborare il piano di sviluppo strategico a fare la differenza tra una misura che pu\u00f2 essere un semplice incentivo agli imprenditori e una misura che, invece, diventi volano di sviluppo e crescita di tutto il territorio.\u00a0<\/span><\/span><\/span><\/p>\n<p style=\"text-align: justify\"><span style=\"color: #000000\"><span style=\"font-family: Arial, sans-serif\"><span style=\"font-size: medium\">La differenza si gioca tutta sulla capacit\u00e0 di chi nel territorio riveste un ruolo decisionale di fare squadra, di lavorare in sinergia con le forze pi\u00f9 capaci e vivaci della citt\u00e0 \u00a0per costruire il futuro. In sintesi: non dipende mai sempre dagli altri ma dipende spesso anche e soprattutto da noi. Abbiamo preteso e ottenuto una possibilit\u00e0. Adesso cerchiamo di non sprecarla&#8221;.<\/span><\/span><\/span><\/p>\n","protected":false},"excerpt":{"rendered":"<p>Zone economiche speciali. Istituite a seguito di un decreto legge approvato nelle settimane scorse dal Consiglio dei ministri, si fa riferimento in tal senso a determinate aree della penisola italiana svantaggiate sotto un profilo economico che, se in possesso di determinati parametri oggettivi quali l&#8217;appartenenza ad una specifica Regione, potranno beneficiare di un mix di [&hellip;]<\/p>\n","protected":false},"author":8,"featured_media":2203,"comment_status":"closed","ping_status":"open","sticky":false,"template":"","format":"standard","meta":{"ub_ctt_via":"","_mi_skip_tracking":false},"categories":[11],"tags":[],"featured_image_src":"https:\/\/www.messinaoggi.it\/website\/wp-content\/uploads\/2017\/06\/Garofalo-enzo-2.jpg","author_info":{"display_name":"red..me","author_link":"https:\/\/www.messinaoggi.it\/website\/author\/redstage\/"},"digistream_id":0,"digistream":false,"_links":{"self":[{"href":"https:\/\/www.messinaoggi.it\/website\/wp-json\/wp\/v2\/posts\/5886"}],"collection":[{"href":"https:\/\/www.messinaoggi.it\/website\/wp-json\/wp\/v2\/posts"}],"about":[{"href":"https:\/\/www.messinaoggi.it\/website\/wp-json\/wp\/v2\/types\/post"}],"author":[{"embeddable":true,"href":"https:\/\/www.messinaoggi.it\/website\/wp-json\/wp\/v2\/users\/8"}],"replies":[{"embeddable":true,"href":"https:\/\/www.messinaoggi.it\/website\/wp-json\/wp\/v2\/comments?post=5886"}],"version-history":[{"count":0,"href":"https:\/\/www.messinaoggi.it\/website\/wp-json\/wp\/v2\/posts\/5886\/revisions"}],"wp:featuredmedia":[{"embeddable":true,"href":"https:\/\/www.messinaoggi.it\/website\/wp-json\/wp\/v2\/media\/2203"}],"wp:attachment":[{"href":"https:\/\/www.messinaoggi.it\/website\/wp-json\/wp\/v2\/media?parent=5886"}],"wp:term":[{"taxonomy":"category","embeddable":true,"href":"https:\/\/www.messinaoggi.it\/website\/wp-json\/wp\/v2\/categories?post=5886"},{"taxonomy":"post_tag","embeddable":true,"href":"https:\/\/www.messinaoggi.it\/website\/wp-json\/wp\/v2\/tags?post=5886"}],"curies":[{"name":"wp","href":"https:\/\/api.w.org\/{rel}","templated":true}]}}