{"id":58661,"date":"2021-04-07T15:07:33","date_gmt":"2021-04-07T13:07:33","guid":{"rendered":"https:\/\/www.messinaoggi.it\/website\/2021\/04\/07\/vaccino-papa-strumento-essenziale-nella-lotta-alla-pandemia\/"},"modified":"2021-04-07T15:07:33","modified_gmt":"2021-04-07T13:07:33","slug":"vaccino-papa-strumento-essenziale-nella-lotta-alla-pandemia","status":"publish","type":"post","link":"https:\/\/www.messinaoggi.it\/website\/2021\/04\/07\/vaccino-papa-strumento-essenziale-nella-lotta-alla-pandemia\/","title":{"rendered":"Vaccino, Papa \u201cStrumento essenziale nella lotta alla pandemia\u201d"},"content":{"rendered":"<div>ROMA (ITALPRESS) &#8211;  &#8220;Tutti, soprattutto le persone pi\u00f9 fragili, hanno bisogno di assistenza. Solo insieme possiamo costruire un mondo pi\u00f9 giusto e pi\u00f9 sano. Tutti siamo chiamati a combattere la pandemia e i vaccini costituiscono uno strumento essenziale per questa lotta&#8221;. Lo dice Papa Francesco in un tweet, in occasione della Giornata Mondiale della Salute.<br \/>(ITALPRESS).<\/div>\n<div id=\"div-gpt-ad-Messinaoggi.it-DSK-300x250-corpoart\" style=\"text-align:center;margin:0 auto;\"><\/div><\/p><div id=\"videoincontent\" style=\"clear:both\";><\/div>","protected":false},"excerpt":{"rendered":"<p>ROMA (ITALPRESS) &#8211; &#8220;Tutti, soprattutto le persone pi\u00f9 fragili, hanno bisogno di assistenza. Solo insieme possiamo costruire un mondo pi\u00f9 giusto e pi\u00f9 sano. Tutti siamo chiamati a combattere la pandemia e i vaccini costituiscono uno strumento essenziale per questa lotta&#8221;. Lo dice Papa Francesco in un tweet, in occasione della Giornata Mondiale della Salute.(ITALPRESS).<\/p>\n","protected":false},"author":18,"featured_media":58662,"comment_status":"closed","ping_status":"closed","sticky":false,"template":"","format":"standard","meta":{"ub_ctt_via":"","_mi_skip_tracking":false},"categories":[446],"tags":[783],"featured_image_src":"https:\/\/www.messinaoggi.it\/website\/wp-content\/uploads\/2021\/04\/20210407_0785.jpg","author_info":{"display_name":"Admin","author_link":"https:\/\/www.messinaoggi.it\/website\/author\/admin\/"},"digistream_id":0,"digistream":false,"_links":{"self":[{"href":"https:\/\/www.messinaoggi.it\/website\/wp-json\/wp\/v2\/posts\/58661"}],"collection":[{"href":"https:\/\/www.messinaoggi.it\/website\/wp-json\/wp\/v2\/posts"}],"about":[{"href":"https:\/\/www.messinaoggi.it\/website\/wp-json\/wp\/v2\/types\/post"}],"author":[{"embeddable":true,"href":"https:\/\/www.messinaoggi.it\/website\/wp-json\/wp\/v2\/users\/18"}],"replies":[{"embeddable":true,"href":"https:\/\/www.messinaoggi.it\/website\/wp-json\/wp\/v2\/comments?post=58661"}],"version-history":[{"count":0,"href":"https:\/\/www.messinaoggi.it\/website\/wp-json\/wp\/v2\/posts\/58661\/revisions"}],"wp:featuredmedia":[{"embeddable":true,"href":"https:\/\/www.messinaoggi.it\/website\/wp-json\/wp\/v2\/media\/58662"}],"wp:attachment":[{"href":"https:\/\/www.messinaoggi.it\/website\/wp-json\/wp\/v2\/media?parent=58661"}],"wp:term":[{"taxonomy":"category","embeddable":true,"href":"https:\/\/www.messinaoggi.it\/website\/wp-json\/wp\/v2\/categories?post=58661"},{"taxonomy":"post_tag","embeddable":true,"href":"https:\/\/www.messinaoggi.it\/website\/wp-json\/wp\/v2\/tags?post=58661"}],"curies":[{"name":"wp","href":"https:\/\/api.w.org\/{rel}","templated":true}]}}