{"id":58621,"date":"2021-04-07T10:01:43","date_gmt":"2021-04-07T08:01:43","guid":{"rendered":"http:\/\/www.messinaoggi.it\/website\/?p=58621"},"modified":"2021-04-07T10:01:45","modified_gmt":"2021-04-07T08:01:45","slug":"morte-augusta-turiaco-il-legale-scrive-allaifa-sospendere-lastrazeneca-per-gli-under-60","status":"publish","type":"post","link":"https:\/\/www.messinaoggi.it\/website\/2021\/04\/07\/morte-augusta-turiaco-il-legale-scrive-allaifa-sospendere-lastrazeneca-per-gli-under-60\/","title":{"rendered":"Morte Augusta Turiaco, il legale scrive all&#8217;Aifa: &#8220;Sospendere l&#8217;Astrazeneca per gli under 60&#8221;"},"content":{"rendered":"\n<p>I familiari di Augusta Turiaco, la docente messinese morta all&#8217;et\u00e0 di 55 anni per trombosi qualche giorno dopo la somministrazione dell&#8217;Astrazeneca, scrivono all&#8217;Aifa. I genitori della docente, rappresentati dalla legale Daniela Agnello, hanno infatti inviato una richiesta all&#8217;Agenzia italiana del farmaco, nella quale hanno proposto l&#8217;immediata sospensione, in via del tutto cautelare, della somministrazione del vaccino anglo-svedese sugli under 60.<div id=\"div-gpt-ad-Messinaoggi.it-DSK-300x250-corpoart\" style=\"text-align:center;margin:0 auto;\"><\/div><\/p>\n\n\n\n<p><strong>L&#8217;esposto-denuncia.<\/strong> Relativamente all&#8217;esposto-denuncia presentato in Procura lo scorso 30 marzo, il legale precisa che esso \u201cnon costituisce un attacco alla campagna vaccinale, ritenuta necessaria e indispensabile, ma rappresenta un segnale di allarme, una richiesta di indagini, di chiarimenti e di approfondimenti, di verit\u00e0 in un momento di grande apprensione e confusione sociale\u201d.<div id=\"videoincontent\" style=\"clear:both\";><\/div><\/p>\n\n\n\n<p>La necessit\u00e0 di fare maggiore chiarezza su quanto accaduto deriva soprattutto dal fatto che, stando a quanto riportato dai medici che hanno eseguito l&#8217;autopsia sul cadavere della donna, Augusta non aveva patologie pregresse che possano aver avuto un ruolo significativo nel far insorgere la trombosi.<\/p>\n\n\n\n<p><strong>I motivi della richiesta.<\/strong> Il legale, nell&#8217;avanzare la sua richiesta all&#8217;Aifa, evidenzia che l&#8217;et\u00e0 mediana delle persone decedute per Covid \u00e8 di oltre 80 anni, un&#8217;et\u00e0 decisamente pi\u00f9 elevata rispetto alle persone decedute per trombosi dopo la somministrazione dell&#8217;Astrazeneca. In altre parole, considerato che il tasso di mortalit\u00e0 \u00e8 molto pi\u00f9 contenuto per gli under 60, secondo il legale vale la pena sospendere momentaneamente la vaccinazione con l&#8217;Astrazeneca su questa categoria di persone, nell&#8217;attesa che specifici accertamenti facciano chiarezza su quali siano state le cause di trombosi registrate nelle ultime settimane, cio\u00e8 se siano da ricondurre oppure no alla somministrazione dell&#8217;Astrazeneca.<\/p>\n\n\n\n<p>&#8220;Nel pieno rispetto della campagna vaccinale, &#8211; si legge nella richiesta &#8211; i genitori della professoressa Augusta Turiaco chiedono, nell\u2019interesse della salute come diritto fondamentale dell\u2019individuo e interesse della collettivit\u00e0, l\u2019immediata sospensione cautelativa della somministrazione del vaccino AstraZeneca per i soggetti con et\u00e0 inferiore a 60 anni&#8221;.<\/p>\n","protected":false},"excerpt":{"rendered":"<p>I familiari di Augusta Turiaco, la docente messinese morta all&#8217;et\u00e0 di 55 anni per trombosi qualche giorno dopo la somministrazione dell&#8217;Astrazeneca, scrivono all&#8217;Aifa. I genitori della docente, rappresentati dalla legale Daniela Agnello, hanno infatti inviato una richiesta all&#8217;Agenzia italiana del farmaco, nella quale hanno proposto l&#8217;immediata sospensione, in via del tutto cautelare, della somministrazione del [&hellip;]<\/p>\n","protected":false},"author":8,"featured_media":57833,"comment_status":"open","ping_status":"open","sticky":false,"template":"","format":"standard","meta":{"ub_ctt_via":"","_mi_skip_tracking":false},"categories":[221],"tags":[912,622,1194],"featured_image_src":"https:\/\/www.messinaoggi.it\/website\/wp-content\/uploads\/2021\/03\/augusta-turiaco.jpg","author_info":{"display_name":"red..me","author_link":"https:\/\/www.messinaoggi.it\/website\/author\/redstage\/"},"digistream_id":0,"digistream":false,"_links":{"self":[{"href":"https:\/\/www.messinaoggi.it\/website\/wp-json\/wp\/v2\/posts\/58621"}],"collection":[{"href":"https:\/\/www.messinaoggi.it\/website\/wp-json\/wp\/v2\/posts"}],"about":[{"href":"https:\/\/www.messinaoggi.it\/website\/wp-json\/wp\/v2\/types\/post"}],"author":[{"embeddable":true,"href":"https:\/\/www.messinaoggi.it\/website\/wp-json\/wp\/v2\/users\/8"}],"replies":[{"embeddable":true,"href":"https:\/\/www.messinaoggi.it\/website\/wp-json\/wp\/v2\/comments?post=58621"}],"version-history":[{"count":1,"href":"https:\/\/www.messinaoggi.it\/website\/wp-json\/wp\/v2\/posts\/58621\/revisions"}],"predecessor-version":[{"id":58622,"href":"https:\/\/www.messinaoggi.it\/website\/wp-json\/wp\/v2\/posts\/58621\/revisions\/58622"}],"wp:featuredmedia":[{"embeddable":true,"href":"https:\/\/www.messinaoggi.it\/website\/wp-json\/wp\/v2\/media\/57833"}],"wp:attachment":[{"href":"https:\/\/www.messinaoggi.it\/website\/wp-json\/wp\/v2\/media?parent=58621"}],"wp:term":[{"taxonomy":"category","embeddable":true,"href":"https:\/\/www.messinaoggi.it\/website\/wp-json\/wp\/v2\/categories?post=58621"},{"taxonomy":"post_tag","embeddable":true,"href":"https:\/\/www.messinaoggi.it\/website\/wp-json\/wp\/v2\/tags?post=58621"}],"curies":[{"name":"wp","href":"https:\/\/api.w.org\/{rel}","templated":true}]}}