{"id":58620,"date":"2021-04-07T10:08:28","date_gmt":"2021-04-07T08:08:28","guid":{"rendered":"http:\/\/www.messinaoggi.it\/website\/?p=58620"},"modified":"2021-04-07T10:11:36","modified_gmt":"2021-04-07T08:11:36","slug":"altri-sei-comuni-siciliani-passano-in-zona-rossa-ce-anche-barcellona","status":"publish","type":"post","link":"https:\/\/www.messinaoggi.it\/website\/2021\/04\/07\/altri-sei-comuni-siciliani-passano-in-zona-rossa-ce-anche-barcellona\/","title":{"rendered":"Altri sei comuni siciliani passano in zona rossa: c&#8217;\u00e8 anche Barcellona"},"content":{"rendered":"\n<p>C\u2019\u00e8 anche Barcellona nell\u2019elenco dei comuni siciliani che passeranno in zona rossa. Il presidente della Regione siciliana, Nello Musumeci, su richiesta dei sindaci e sentito il parere delle Asp territoriali, ha istituito sei nuove &#8220;zone rosse&#8221;: Acquaviva Platani e Marianopoli (in provincia di Caltanissetta), Alessandria della Rocca e Cattolica Eraclea (Agrigento), Barcellona Pozzo di Gotto (Messina) e Calascibetta (Enna). Per questi comuni si applicano le disposizioni previste dal Dpcm del 2 marzo.<div id=\"div-gpt-ad-Messinaoggi.it-DSK-300x250-corpoart\" style=\"text-align:center;margin:0 auto;\"><\/div><\/p>\n\n\n\n<p>&#8220;In questo momento difficile, confido nella collaborazione di tutta la cittadinanza affinch\u00e9 possiamo venire presto fuori da questa situazione&#8221;, si legge in un post su Facebook del sindaco di Barcellona, Pinuccio Calabr\u00f2.<div id=\"videoincontent\" style=\"clear:both\";><\/div><\/p>\n\n\n\n<p>Le restrizioni saranno in vigore dall&#8217;8 fino al 22 aprile. Sono inoltre prorogate fino al 14 aprile le &#8220;zone rosse&#8221; per i comuni di Acate (provincia di Ragusa), Centuripe e Regalbuto (provincia di Enna).<\/p>\n\n\n\n<p>Per finire, sentiti i sindaci e dietro parere dell&#8217;Autorit\u00e0 sanitaria, \u00e8 stata disposta, dal 7 aprile al 17 aprile, la sospensione delle attivit\u00e0 scolastiche e didattiche di ogni ordine e grado nei comuni di Caltanissetta, Regalbuto e Solarino (provincia di Siracusa).<\/p>\n","protected":false},"excerpt":{"rendered":"<p>C\u2019\u00e8 anche Barcellona nell\u2019elenco dei comuni siciliani che passeranno in zona rossa. Il presidente della Regione siciliana, Nello Musumeci, su richiesta dei sindaci e sentito il parere delle Asp territoriali, ha istituito sei nuove &#8220;zone rosse&#8221;: Acquaviva Platani e Marianopoli (in provincia di Caltanissetta), Alessandria della Rocca e Cattolica Eraclea (Agrigento), Barcellona Pozzo di Gotto [&hellip;]<\/p>\n","protected":false},"author":8,"featured_media":34872,"comment_status":"open","ping_status":"open","sticky":false,"template":"","format":"standard","meta":{"ub_ctt_via":"","_mi_skip_tracking":false},"categories":[221],"tags":[566,855],"featured_image_src":"https:\/\/www.messinaoggi.it\/website\/wp-content\/uploads\/2019\/07\/municipio-barcellonapozzodigotto_0-1.jpg","author_info":{"display_name":"red..me","author_link":"https:\/\/www.messinaoggi.it\/website\/author\/redstage\/"},"digistream_id":0,"digistream":false,"_links":{"self":[{"href":"https:\/\/www.messinaoggi.it\/website\/wp-json\/wp\/v2\/posts\/58620"}],"collection":[{"href":"https:\/\/www.messinaoggi.it\/website\/wp-json\/wp\/v2\/posts"}],"about":[{"href":"https:\/\/www.messinaoggi.it\/website\/wp-json\/wp\/v2\/types\/post"}],"author":[{"embeddable":true,"href":"https:\/\/www.messinaoggi.it\/website\/wp-json\/wp\/v2\/users\/8"}],"replies":[{"embeddable":true,"href":"https:\/\/www.messinaoggi.it\/website\/wp-json\/wp\/v2\/comments?post=58620"}],"version-history":[{"count":1,"href":"https:\/\/www.messinaoggi.it\/website\/wp-json\/wp\/v2\/posts\/58620\/revisions"}],"predecessor-version":[{"id":58623,"href":"https:\/\/www.messinaoggi.it\/website\/wp-json\/wp\/v2\/posts\/58620\/revisions\/58623"}],"wp:featuredmedia":[{"embeddable":true,"href":"https:\/\/www.messinaoggi.it\/website\/wp-json\/wp\/v2\/media\/34872"}],"wp:attachment":[{"href":"https:\/\/www.messinaoggi.it\/website\/wp-json\/wp\/v2\/media?parent=58620"}],"wp:term":[{"taxonomy":"category","embeddable":true,"href":"https:\/\/www.messinaoggi.it\/website\/wp-json\/wp\/v2\/categories?post=58620"},{"taxonomy":"post_tag","embeddable":true,"href":"https:\/\/www.messinaoggi.it\/website\/wp-json\/wp\/v2\/tags?post=58620"}],"curies":[{"name":"wp","href":"https:\/\/api.w.org\/{rel}","templated":true}]}}