{"id":58613,"date":"2021-04-07T09:07:31","date_gmt":"2021-04-07T07:07:31","guid":{"rendered":"https:\/\/www.messinaoggi.it\/website\/2021\/04\/07\/renzi-se-il-pd-si-allea-con-i-grillini-non-ci-saremo\/"},"modified":"2021-04-07T09:11:46","modified_gmt":"2021-04-07T07:11:46","slug":"renzi-se-il-pd-si-allea-con-i-grillini-non-ci-saremo","status":"publish","type":"post","link":"https:\/\/www.messinaoggi.it\/website\/2021\/04\/07\/renzi-se-il-pd-si-allea-con-i-grillini-non-ci-saremo\/","title":{"rendered":"Renzi \u201cSe il Pd si allea con i grillini non ci saremo\u201d"},"content":{"rendered":"<div>ROMA (ITALPRESS) &#8211; &#8220;Se il Pd si allea con i grillini no, non entreremo in questa alleanza. Siamo distanti dalla destra antieuropeista di Salvini e Meloni ma anche dal becero populismo di Di Battista e Beppe Grillo. Non con i sovranisti, non con i populisti. Ma tutto mi sembra in divenire&#8221;. Cos\u00ec, in un&#8217;intervista al Corriere della Sera, il leader di Italia viva Matteo Renzi. In vista delle amministrative dice di avere proposto a Letta nel corso dell&#8217;incontro avuto ieri &#8220;di ascoltare ci\u00f2 che ha detto lui stesso. La cosa pi\u00f9 incisiva che il segretario ha fatto, ad oggi, \u00e8 stata cambiare capigruppo imponendo la questione femminile. Ma allora bisogna continuare. Si vota a Torino, Milano, Bologna, Roma, Napoli e per il seggio parlamentare di Siena penso sia doveroso scegliere anche candidature femminili&#8221;. Quanto a un suo possibile addio alla politica, dice chiaramente: &#8220;E&#8217; il sogno dei miei avversari. Molti di loro ci sperano, li capisco. Mi spiace deluderli: io non smetter\u00f2 di fare politica&#8221;. Sulla situazione di Italia viva, Renzi sottolinea che &#8220;un partito lo misuri dalle proposte che fa, da quanto incide nella vita politica, dal contributo che porta al Paese. Non dai sondaggi pi\u00f9 o meno ammaestrati. Non so se come dicono Italia viva abbia davvero il 2%. Se cos\u00ec fosse dovrebbero darci un premio doppio. Perch\u00e8 col 2% abbiamo cambiato la storia dei prossimi anni imponendo Draghi al posto di Conte. Se col 2% siamo stati capaci di questo, si figuri che cosa potremmo fare se solo avessimo l&#8217;8-10%&#8221;.<br \/>(ITALPRESS).<\/div>\n<div id=\"div-gpt-ad-Messinaoggi.it-DSK-300x250-corpoart\" style=\"text-align:center;margin:0 auto;\"><\/div><\/p><div id=\"videoincontent\" style=\"clear:both\";><\/div>","protected":false},"excerpt":{"rendered":"<p>ROMA (ITALPRESS) &#8211; &#8220;Se il Pd si allea con i grillini no, non entreremo in questa alleanza. Siamo distanti dalla destra antieuropeista di Salvini e Meloni ma anche dal becero populismo di Di Battista e Beppe Grillo. Non con i sovranisti, non con i populisti. Ma tutto mi sembra in divenire&#8221;. Cos\u00ec, in un&#8217;intervista al [&hellip;]<\/p>\n","protected":false},"author":18,"featured_media":58614,"comment_status":"closed","ping_status":"closed","sticky":false,"template":"","format":"standard","meta":{"ub_ctt_via":"","_mi_skip_tracking":false},"categories":[446,4],"tags":[783],"featured_image_src":"https:\/\/www.messinaoggi.it\/website\/wp-content\/uploads\/2021\/04\/20210407_0114.jpg","author_info":{"display_name":"Admin","author_link":"https:\/\/www.messinaoggi.it\/website\/author\/admin\/"},"digistream_id":0,"digistream":false,"_links":{"self":[{"href":"https:\/\/www.messinaoggi.it\/website\/wp-json\/wp\/v2\/posts\/58613"}],"collection":[{"href":"https:\/\/www.messinaoggi.it\/website\/wp-json\/wp\/v2\/posts"}],"about":[{"href":"https:\/\/www.messinaoggi.it\/website\/wp-json\/wp\/v2\/types\/post"}],"author":[{"embeddable":true,"href":"https:\/\/www.messinaoggi.it\/website\/wp-json\/wp\/v2\/users\/18"}],"replies":[{"embeddable":true,"href":"https:\/\/www.messinaoggi.it\/website\/wp-json\/wp\/v2\/comments?post=58613"}],"version-history":[{"count":1,"href":"https:\/\/www.messinaoggi.it\/website\/wp-json\/wp\/v2\/posts\/58613\/revisions"}],"predecessor-version":[{"id":58615,"href":"https:\/\/www.messinaoggi.it\/website\/wp-json\/wp\/v2\/posts\/58613\/revisions\/58615"}],"wp:featuredmedia":[{"embeddable":true,"href":"https:\/\/www.messinaoggi.it\/website\/wp-json\/wp\/v2\/media\/58614"}],"wp:attachment":[{"href":"https:\/\/www.messinaoggi.it\/website\/wp-json\/wp\/v2\/media?parent=58613"}],"wp:term":[{"taxonomy":"category","embeddable":true,"href":"https:\/\/www.messinaoggi.it\/website\/wp-json\/wp\/v2\/categories?post=58613"},{"taxonomy":"post_tag","embeddable":true,"href":"https:\/\/www.messinaoggi.it\/website\/wp-json\/wp\/v2\/tags?post=58613"}],"curies":[{"name":"wp","href":"https:\/\/api.w.org\/{rel}","templated":true}]}}