{"id":58588,"date":"2021-04-07T14:20:57","date_gmt":"2021-04-07T12:20:57","guid":{"rendered":"http:\/\/www.messinaoggi.it\/website\/?p=58588"},"modified":"2021-04-07T01:28:56","modified_gmt":"2021-04-06T23:28:56","slug":"rally-previste-sfide-agonistiche-appassionanti-al-4-rally-cefalu-corse","status":"publish","type":"post","link":"https:\/\/www.messinaoggi.it\/website\/2021\/04\/07\/rally-previste-sfide-agonistiche-appassionanti-al-4-rally-cefalu-corse\/","title":{"rendered":"RALLY &#8211; Previste sfide agonistiche appassionanti al 4\u00b0 Rally Cefal\u00f9 Corse"},"content":{"rendered":"\n<p>Il 4\u00b0 Rally Cefal\u00f9 corse \u00e8 pronto a scattare sabato 10 aprile con la giornata dedicata alle operazioni preliminari. <div id=\"div-gpt-ad-Messinaoggi.it-DSK-300x250-corpoart\" style=\"text-align:center;margin:0 auto;\"><\/div><\/p>\n\n\n\n<p>Sar\u00e0 una gara nella gara, quella organizzata dalla Cefal\u00f9 Corse che inaugurer\u00e0 il calendario siciliano della specialit\u00e0: se infatti gli occhi saranno puntati sui big dell\u2019assoluta, non mancher\u00e0 la bagarre nelle varie categorie e per i piloti locali la voglia di emergere nel \u201cTrofeo Angelo Castiglia\u201d, dedicato al mai dimenticato pilota cefaludese. <div id=\"videoincontent\" style=\"clear:both\";><\/div><\/p>\n\n\n\n<p>Si comincer\u00e0 sabato con l\u2019apertura del centro accrediti e la distribuzione dei Road Book dalle 9 in poi presso \u201cHotel Riva del Sole \u201d sul Lungomare Giuseppe Giardina, che sar\u00e0 l\u2019 indomani sede di partenza e arrivo del rally, mentre gli equipaggi dalle 9 alle 13 potranno effettuare le ricognizioni dell\u2019intero percorso di gara, esclusivamente con auto di serie e nel rigido rispetto delle norme del codice della strada. <\/p>\n\n\n\n<p>Le verifiche sportive e tecniche cominceranno in mattinata e andranno avanti nel pomeriggio fino alle 18.15. L\u2019ampio parcheggio sul lungomare cefaludese sar\u00e0 il centro della competizione, sede delle assistenze, dei riordini, nonch\u00e9 dello start e del traguardo. Alla gara non \u00e8 prevista la presenza del pubblico.<\/p>\n\n\n\n<p>Domenica 11 aprile lo start della parte agonistica sar\u00e0 dato alle ore 8.30. Sei le prove speciali in programma: la \u201cLascari\u201d di km 6.50 con passaggi alle 8.54, 12.34 e 16.14 e la \u201cCefalu \u201d di Km 6,70 con passaggi alle  9.52, 13.32 e 17.12. Tre i riordini presso il parcheggio adiacente il lungomare, da 30 minuti ciascuno, due i parchi assistenza sempre nella stessa zona. L\u2019arrivo \u00e8 previsto alle 17.45.<\/p>\n\n\n\n<div class=\"wp-block-image\"><figure class=\"aligncenter size-large\"><img loading=\"lazy\" width=\"800\" height=\"567\" src=\"https:\/\/www.messinaoggi.it\/website\/wp-content\/uploads\/2021\/04\/Salvatore-Lo-Cascio-e-Michele-Castelli-i-migliori-del-Rally-Cefalu-Corse.jpg\" alt=\"\" class=\"wp-image-58594\" srcset=\"https:\/\/www.messinaoggi.it\/website\/wp-content\/uploads\/2021\/04\/Salvatore-Lo-Cascio-e-Michele-Castelli-i-migliori-del-Rally-Cefalu-Corse.jpg 800w, https:\/\/www.messinaoggi.it\/website\/wp-content\/uploads\/2021\/04\/Salvatore-Lo-Cascio-e-Michele-Castelli-i-migliori-del-Rally-Cefalu-Corse-300x213.jpg 300w, https:\/\/www.messinaoggi.it\/website\/wp-content\/uploads\/2021\/04\/Salvatore-Lo-Cascio-e-Michele-Castelli-i-migliori-del-Rally-Cefalu-Corse-768x544.jpg 768w, https:\/\/www.messinaoggi.it\/website\/wp-content\/uploads\/2021\/04\/Salvatore-Lo-Cascio-e-Michele-Castelli-i-migliori-del-Rally-Cefalu-Corse-310x220.jpg 310w\" sizes=\"(max-width: 800px) 100vw, 800px\" \/><figcaption><em><strong>Salvatore Lo Cascio e Michele Castelli nella precedente edizione del Rally di Cefal\u00f9<\/strong><\/em><\/figcaption><\/figure><\/div>\n\n\n\n<p>Nutrono legittime ambizioni di successo i nisseni Salvatore Lo Cascio e Michele Castelli, gi\u00e0 due volte vincitori della gara, passati dalla Citroen Saxo Vts Kit alla Renault Clio Super 1600 di gruppo A. Da parte loro ci sar\u00e0  grande determinazione per chiudere il fantastico tris, ma dovranno faticare parecchio nei confronti dell\u2019agguerrita concorrenza degli avversari. <\/p>\n\n\n\n<p>Candidati al ruolo di primi sfidanti sono il \u201cpadrone di casa\u201d Marco Runfola e la sua navigatrice toscana, ma ormai trapiantata in Sicilia Corinne Federighi, che faranno di tutto per potere salire sul podio  mai raggiunto del rally pi\u00f9 amato. L\u2019equipaggio dell\u2019Island Motorsport si avvarr\u00e0 della Renault Clio Rs di classe R\/3 C.<\/p>\n\n\n\n<p>Con il numero 1 sulle portiere sar\u00e0 la prima vettura a scendere dal palco delle partenze la Renault Clio Super 1600 della Ro Racing con la quale il palermitano Riccrado Arceri, fedelissimo al rally di Cefal\u00f9, si \u00e8 fregiato nel 2020 del titolo di classe nel CIVM. Al suo fianco sieder\u00e0 Paolo Gozzo.<\/p>\n\n\n\n<p>Nella stessa categoria e con identica vettura, ma della Twister Italia, spiccano i nomi dei bergamaschi Alessandro  Casano e Mattia Orio diventati ormai degli \u201cabitu\u00e9\u201d dopo i due terzi posti conseguiti nel 2018 e nel 2019.<\/p>\n\n\n\n<figure class=\"wp-block-image size-large\"><img loading=\"lazy\" width=\"900\" height=\"600\" src=\"https:\/\/www.messinaoggi.it\/website\/wp-content\/uploads\/2021\/04\/rally-cefalu-1.jpg\" alt=\"\" class=\"wp-image-58591\" srcset=\"https:\/\/www.messinaoggi.it\/website\/wp-content\/uploads\/2021\/04\/rally-cefalu-1.jpg 900w, https:\/\/www.messinaoggi.it\/website\/wp-content\/uploads\/2021\/04\/rally-cefalu-1-300x200.jpg 300w, https:\/\/www.messinaoggi.it\/website\/wp-content\/uploads\/2021\/04\/rally-cefalu-1-768x512.jpg 768w\" sizes=\"(max-width: 900px) 100vw, 900px\" \/><\/figure>\n\n\n\n<p>L\u2019elenco delle Super 1600 con le altre Clio, prosegue con nomi illustri fra cui quello del messinese Carmelo Molica Franco, che sar\u00e0 navigato sulla vettura della Sunbeam M-Sport dalla laziale Carmen Grandi, inoltre con  gli altri messinesi  Andrea Nastasi e Graziella Rappazzo (Team del Mago), gli agrigentini Placido Palazzo e Giuseppe Di Benedetto (Project team), i palermitani di Caccamo Giuseppe Gianfilippo e Salvatore Principato e i locali Antonino e Mattia Provenza.<\/p>\n\n\n\n<p>Nella classe R3C oltre al gi\u00e0 citato Runfola, da tenere d\u2019occhio con i colori dell\u2019Ateneo Motorsport, l\u2019esperto madonita di Collesano Filippo Vara, navigato da Ernesto Rizzo.<\/p>\n\n\n\n<p>In classe A7 due le Clio Williams, la prima per l\u2019agrigentino Domenico Morreale con alle note Giuseppe Scolaro, gi\u00e0 a podio nel 2019, l\u2019altra per  \u201cRed Devil\u201d tornato pi\u00f9 spesso alla guida delle \u201cmoderne\u201d dopo il passato con le storiche. Al suo fianco sulla vettura del Project team Giuseppe Spirio. Della stessa A7 sar\u00e0 protagonista l\u2019equipaggio nisseno formato dal pilota e preparatore Roberto Lombardo e dal naviga Alessio Spitaleri.<\/p>\n\n\n\n<p>Affollatissima  la classe R2\/B con 13 vetture al via fra cui risaltano  tante apprezzate Peugeot 208. Particolarmente accreditato l\u2019equipaggio della scuderia Targa Racing formato dal giovane figlio d\u2019arte cerdese Eresto Riolo e dall\u2019esperto Maurizio Marin. <\/p>\n\n\n\n<p>Stessa scuderia per l\u2019italo tedesco Walter Ansorge, che vive a Termini Imerese come  il suo navigatore Ivan Sinatra. Disporranno di altre \u201cvetture del leone\u201d il  messinese di Patti Alessandro Scalia insieme a Davide Masotto, il trapanese di Castelvetrano Gaspare Ancona in gara col palermitano Carlo D\u2019Agostino, e il duo palermitano formato da Rosario Cannino e Giuseppe Buscemi. Presenti in R2\/B due equipaggi cefaludesi Marco Cirrito e Salvatore Mirenda che gareggeranno su Renault Twingo e Salvatore e Giorgia Marsala su Citroen C2 Vts.<\/p>\n\n\n\n<p>Si preannuncia molto interessante la lotta per il primato fra gli equipaggi delle Renault Clio di classe N.3. Torna in gara il milazzese Franco Alibrando e Antonino Pittella del Team Phoenix, Santo Coniglio sar\u00e0 coadiuvato da Rosario Mirenda, altri equipaggi palermitani di spicco composti l\u2019uno da Onofrio Buttitta e Antonino Catalfamo e l\u2019altro dalla  coppia caccamese dei Gianfilippo Quintino e Monia.<\/p>\n\n\n\n<div class=\"wp-block-image\"><figure class=\"aligncenter size-large\"><img loading=\"lazy\" width=\"858\" height=\"570\" src=\"https:\/\/www.messinaoggi.it\/website\/wp-content\/uploads\/2021\/04\/Coriglie-Piras-1.jpg\" alt=\"\" class=\"wp-image-58593\" srcset=\"https:\/\/www.messinaoggi.it\/website\/wp-content\/uploads\/2021\/04\/Coriglie-Piras-1.jpg 858w, https:\/\/www.messinaoggi.it\/website\/wp-content\/uploads\/2021\/04\/Coriglie-Piras-1-300x199.jpg 300w, https:\/\/www.messinaoggi.it\/website\/wp-content\/uploads\/2021\/04\/Coriglie-Piras-1-768x510.jpg 768w, https:\/\/www.messinaoggi.it\/website\/wp-content\/uploads\/2021\/04\/Coriglie-Piras-1-100x65.jpg 100w\" sizes=\"(max-width: 858px) 100vw, 858px\" \/><figcaption><em><strong>Il messinese Michele Coriglie su Peugeot 106 Rally<\/strong><\/em><\/figcaption><\/figure><\/div>\n\n\n\n<p>Bella la sfida tutta messinese in classe A\/K10 fra il giovane Michele Coriglie navigato sulla Peugeot 106 Rally del Team Phoenix e l\u2019esperto Antonino Armaleo che guider\u00e0 la Citroen Sax\u00f2 della T.M. Racing e avr\u00e0 alle note Paolo Guttadauro.<\/p>\n\n\n\n<p>A tenere alto l\u2019onore degli equipaggi locali in classe A\/6 saranno Giuseppe Guercio e Filippo Saya su Peugeot 106. Stessa vettura per il corleonese Renato Cristoforo Di Miceli, mentre fra gli altri spicca il nome del messinese ionico Paolino Fragale su una Citroen Sax\u00f2 del Team Phoenix.<\/p>\n\n\n\n<p>Alla guida di una Peugeot 206 di Gruppo Racing Start sar\u00e0 al via anche il giovane emergente messinese Alessio Pandolfino.<\/p>\n\n\n\n<p>Anche in A5 saranno particolarmente in evidenza due equipaggi locali entrambi su Peugeot 106 rally : Giovanni Spinosa e Cosimo Piraino per la scuderia Real Sports e Giovanni Nicchi e Giuseppe Guercio per la Sunbeam M-Sport. A contrastare il primato ai beniamini di casa saranno lo slalomista messinese Danilo Gibella anche lui su una \u201c106\u201d mentre il messinese Antonino Cappadonna ci prover\u00e0 con la versione \u201c205\u201d della casa francese.<\/p>\n\n\n\n<p>Cospicua anche la presenza in classe N2, prestigiosa quella messinese del gi\u00e0 campione siciliano Paolo Celi, che in questa occasione sar\u00e0 coadiuvato sulla Citroen Sax\u00f2 della Ro Racing da Catarratto Di Caro e da sottolineare come \u201cstorica\u201d quella della coppia di Mussomeli formata da Salvatore Farina e Enzo Catania, torneranno a fare equipaggio sulla Peugeot 106 della Sunbeam M-Sport.<\/p>\n","protected":false},"excerpt":{"rendered":"<p>Il 4\u00b0 Rally Cefal\u00f9 corse \u00e8 pronto a scattare sabato 10 aprile con la giornata dedicata alle operazioni preliminari. Sar\u00e0 una gara nella gara, quella organizzata dalla Cefal\u00f9 Corse che inaugurer\u00e0 il calendario siciliano della specialit\u00e0: se infatti gli occhi saranno puntati sui big dell\u2019assoluta, non mancher\u00e0 la bagarre nelle varie categorie e per i [&hellip;]<\/p>\n","protected":false},"author":17,"featured_media":58589,"comment_status":"open","ping_status":"open","sticky":false,"template":"","format":"standard","meta":{"ub_ctt_via":"","_mi_skip_tracking":false},"categories":[8,9],"tags":[],"featured_image_src":"https:\/\/www.messinaoggi.it\/website\/wp-content\/uploads\/2021\/04\/lo_cascio.jpg","author_info":{"display_name":"Giuseppe Luppino","author_link":"https:\/\/www.messinaoggi.it\/website\/author\/g-luppino\/"},"digistream_id":0,"digistream":false,"_links":{"self":[{"href":"https:\/\/www.messinaoggi.it\/website\/wp-json\/wp\/v2\/posts\/58588"}],"collection":[{"href":"https:\/\/www.messinaoggi.it\/website\/wp-json\/wp\/v2\/posts"}],"about":[{"href":"https:\/\/www.messinaoggi.it\/website\/wp-json\/wp\/v2\/types\/post"}],"author":[{"embeddable":true,"href":"https:\/\/www.messinaoggi.it\/website\/wp-json\/wp\/v2\/users\/17"}],"replies":[{"embeddable":true,"href":"https:\/\/www.messinaoggi.it\/website\/wp-json\/wp\/v2\/comments?post=58588"}],"version-history":[{"count":3,"href":"https:\/\/www.messinaoggi.it\/website\/wp-json\/wp\/v2\/posts\/58588\/revisions"}],"predecessor-version":[{"id":58596,"href":"https:\/\/www.messinaoggi.it\/website\/wp-json\/wp\/v2\/posts\/58588\/revisions\/58596"}],"wp:featuredmedia":[{"embeddable":true,"href":"https:\/\/www.messinaoggi.it\/website\/wp-json\/wp\/v2\/media\/58589"}],"wp:attachment":[{"href":"https:\/\/www.messinaoggi.it\/website\/wp-json\/wp\/v2\/media?parent=58588"}],"wp:term":[{"taxonomy":"category","embeddable":true,"href":"https:\/\/www.messinaoggi.it\/website\/wp-json\/wp\/v2\/categories?post=58588"},{"taxonomy":"post_tag","embeddable":true,"href":"https:\/\/www.messinaoggi.it\/website\/wp-json\/wp\/v2\/tags?post=58588"}],"curies":[{"name":"wp","href":"https:\/\/api.w.org\/{rel}","templated":true}]}}