{"id":5855,"date":"2017-08-03T09:08:16","date_gmt":"2017-08-03T07:08:16","guid":{"rendered":"http:\/\/www.messinaoggi.it\/website\/?p=5855"},"modified":"2017-08-03T09:08:16","modified_gmt":"2017-08-03T07:08:16","slug":"messina-non-e-piu-fiera-ma-stasera-si-apre-la-campionaria","status":"publish","type":"post","link":"https:\/\/www.messinaoggi.it\/website\/2017\/08\/03\/messina-non-e-piu-fiera-ma-stasera-si-apre-la-campionaria\/","title":{"rendered":"Messina non \u00e8 pi\u00f9&#8230; Fiera, oggi si apre la Campionaria"},"content":{"rendered":"<p>Senza squilli di tromba si alza il sipario sulla Fiera di Messina che di Campionaria ha solo il nome, del resto sono lontani i tempi della vera Fiera, un evento che richiamava ministri e capi di stato.<br \/>\nMusica, spettacolo, artigianato e divertimento saranno gli ingredienti della fiera che da oggi e fino al 30 agosto sar\u00e0 aperta al pubblico, che potr\u00e0 accedere dai cancelli vicino agli imbarcaderi privati e non dal tradizionale ingresso.<br \/>\nL\u2019evento \u201cAgosto in\u2026 Fiera a Messina\u201d nasce dalla volont\u00e0 di dare continuit\u00e0 alla tradizionale manifestazione fieristica e rinnovarla, presentandola nella dignit\u00e0 che merita. L&#8217;iniziativa prende il via da una societ\u00e0 privata, &#8220;People on the Move&#8221;, che si \u00e8 fatta portavoce del desiderio diffuso di dare nuovo slancio sia alla cittadella fieristica.<br \/>\n&#8220;Lo spazio espositivo quest\u2019anno sar\u00e0 ridotto \u2013 ha spiegato Antonino De Simone, commissario straordinario dell\u2019Autorit\u00e0 portuale \u2013 a causa degli attesi\u00a0lavori di ristrutturazione\u00a0della cittadella fieristica. Ci siamo comunque voluti mettere a disposizione di chi vuole fare spettacolo per i messinesi. Grazie agli accorgimenti della ditta a cui \u00e8 stata affidata la ristrutturazione dei locali fieristici, siamo riusciti a dare alla cittadinanza uno spazio di svago&#8221;.<div id=\"div-gpt-ad-Messinaoggi.it-DSK-300x250-corpoart\" style=\"text-align:center;margin:0 auto;\"><\/div><\/p>\n<h3>Il calendario di \u201cAgosto in\u2026 Fiera a Messina\u201d<\/h3>\n<p>Dal\u00a03 al 20 agosto,si svolger\u00e0 la tradizionale manifestazione popolare con interventi musicali e di intrattenimento a corredo delle attivit\u00e0 espositive.<div id=\"videoincontent\" style=\"clear:both\";><\/div><\/p>\n<ul>\n<li>Il 5-7-9-11-18 agosto: letture per Ragazzi.<\/li>\n<li>Il 15 agosto: capertura straordinaria per i croceristi.<\/li>\n<li>Il 17 agosto: reading in collaborazione con\u00a0<em>Sabrifest<\/em>\u2013 People on the Move.<\/li>\n<\/ul>\n<p>Dal\u00a021 agosto\u00a0serate dedicate alla\u00a0musica, al\u00a0teatro\u00a0e allo\u00a0spettacolo.<\/p>\n<ul>\n<li>Il 21 agosto: \u201c<em>Uno, nessuno, centomila<\/em>\u201c, di Luigi Pirandello con Enrico Lo Verso.<\/li>\n<li>Il 22 agosto: \u201c<em>La madre dei ragazzi<\/em>\u201c, con Lucia Lo Sardo, interprete di Felicia Impastato nel film \u201cI cento passi\u201d. Un omaggio alla madre di Peppino Impastato, che con la sua lotta costante contro la mafia ha dato nuova speranza alla Sicilia.<\/li>\n<li>Il 23 agosto: \u201c<em>Il nostro amore schifo<\/em>\u201c, di e con Francesco D\u2019Amore e Luciana Maniaci. Una commedia dedicata al rapporto di coppia.<\/li>\n<li>Il 24 agosto: \u201c<em>Nessun\u2019altra mai<\/em>\u201c, con la regia di Vincenzo Tripodo. Uno spettacolo contro il femminicidio, che vede protagoniste alcune delle donne morte a causa della violenza.<\/li>\n<li>Il 25 agosto: \u201c<em>Madeleine suite<\/em>\u201c, con Ralph Towner e Mariella Lo Sardo. Un racconto a tema religioso, che scava, attraverso gli occhi di Marguerite Yourcenar, nella vita della Maddalena.<\/li>\n<li>Il 26 agosto: \u201c<em>Duo Blanco\/Sinagori<\/em>\u201c, a cura della cooperativa Sinfonietta. Un progetto musicale che ha l\u2019intento di riproporre, in una veste inedita, le pi\u00f9 celebri sinfonie d\u2019opera, composte dai grandi maestri Puccini, Rossini e Bellini.<\/li>\n<li>Il 27 agosto: \u201c<em>Canto autori<\/em>\u201c, con Luigi Restivo. Un concerto che esalta le figure dei cantautori italiani.<\/li>\n<li>Il 28 agosto; \u201c<em>Quartetto atipico Danzarin<\/em>\u201c, a cura della cooperativa Sinfonetta Messina. Un omaggio al tango e in particolare al Maestro Gaetano Puglisi, messinese che ha dato suono al violino dei pi\u00f9 famosi tango degli anni \u201930.<\/li>\n<li>Il 30 agosto: \u201c<em>Aria Faber \u2013 musica di Fabrizio De Andr\u00e8<\/em>\u201c, a cura della cooperativa Sinfonetta Messina. Lo spettacolo che far\u00e0 rivivere alcuni tra i pi\u00f9 ricercati brani del cantautore ligure attraverso sonorit\u00e0 inedite.<\/li>\n<\/ul>\n<p> <\/p>\n","protected":false},"excerpt":{"rendered":"<p>Senza squilli di tromba si alza il sipario sulla Fiera di Messina che di Campionaria ha solo il nome, del resto sono lontani i tempi della vera Fiera, un evento che richiamava ministri e capi di stato. Musica, spettacolo, artigianato e divertimento saranno gli ingredienti della fiera che da oggi e fino al 30 agosto [&hellip;]<\/p>\n","protected":false},"author":2,"featured_media":2444,"comment_status":"closed","ping_status":"open","sticky":false,"template":"","format":"standard","meta":{"ub_ctt_via":"","_mi_skip_tracking":false},"categories":[19],"tags":[],"featured_image_src":"https:\/\/www.messinaoggi.it\/website\/wp-content\/uploads\/2017\/06\/fiera-al-tramonto-2.jpg","author_info":{"display_name":"Redazione","author_link":"https:\/\/www.messinaoggi.it\/website\/author\/redazione\/"},"digistream_id":0,"digistream":false,"_links":{"self":[{"href":"https:\/\/www.messinaoggi.it\/website\/wp-json\/wp\/v2\/posts\/5855"}],"collection":[{"href":"https:\/\/www.messinaoggi.it\/website\/wp-json\/wp\/v2\/posts"}],"about":[{"href":"https:\/\/www.messinaoggi.it\/website\/wp-json\/wp\/v2\/types\/post"}],"author":[{"embeddable":true,"href":"https:\/\/www.messinaoggi.it\/website\/wp-json\/wp\/v2\/users\/2"}],"replies":[{"embeddable":true,"href":"https:\/\/www.messinaoggi.it\/website\/wp-json\/wp\/v2\/comments?post=5855"}],"version-history":[{"count":0,"href":"https:\/\/www.messinaoggi.it\/website\/wp-json\/wp\/v2\/posts\/5855\/revisions"}],"wp:featuredmedia":[{"embeddable":true,"href":"https:\/\/www.messinaoggi.it\/website\/wp-json\/wp\/v2\/media\/2444"}],"wp:attachment":[{"href":"https:\/\/www.messinaoggi.it\/website\/wp-json\/wp\/v2\/media?parent=5855"}],"wp:term":[{"taxonomy":"category","embeddable":true,"href":"https:\/\/www.messinaoggi.it\/website\/wp-json\/wp\/v2\/categories?post=5855"},{"taxonomy":"post_tag","embeddable":true,"href":"https:\/\/www.messinaoggi.it\/website\/wp-json\/wp\/v2\/tags?post=5855"}],"curies":[{"name":"wp","href":"https:\/\/api.w.org\/{rel}","templated":true}]}}