{"id":58468,"date":"2021-04-06T14:04:31","date_gmt":"2021-04-06T12:04:31","guid":{"rendered":"http:\/\/www.messinaoggi.it\/website\/?p=58468"},"modified":"2021-04-06T15:18:02","modified_gmt":"2021-04-06T13:18:02","slug":"caos-sanita-la-paglia-rischia-di-rientrare-allasp","status":"publish","type":"post","link":"https:\/\/www.messinaoggi.it\/website\/2021\/04\/06\/caos-sanita-la-paglia-rischia-di-rientrare-allasp\/","title":{"rendered":"Caos Sanit\u00e0, La Paglia rischia di rientrare all&#8217;Asp"},"content":{"rendered":"\n<p>Il 18 aprile prossimo scadono i termini della sospensione del manager dell&#8217;Asp Paolo La Paglia e, complice il caos che sta investendo la Sanit\u00e0 siciliana, il dg rischia di tornare al suo posto. Sebbene sia stato avviato l&#8217;iter per la decadenza, promosso dall&#8217;ex assessore alla Salute, Ruggero Razza, e avallato dal governatore Nello Musumeci, La Paglia corre il rischio di rientrare al suo posto a causa delle lungaggini burocratiche dovute, peraltro, all&#8217;approvazione della Finananziaria.<div id=\"div-gpt-ad-Messinaoggi.it-DSK-300x250-corpoart\" style=\"text-align:center;margin:0 auto;\"><\/div><\/p>\n\n\n\n<p>La Commissione Sanit\u00e0 dovr\u00e0 esprimere il proprio parere non vincolante sulla proposta di decadenza del manager &#8220;accusato&#8221; dal governo regionale di una cattiva gestione dell&#8217;emergenza sanitaria. I giorni passano e se il procedimento non verr\u00e0 portato a termine nei termini, La Paglia potrebbe riprendersi il suo posto di direttore generale e rimettere le &#8220;mani&#8221; sull&#8217;Asp di Messina.<div id=\"videoincontent\" style=\"clear:both\";><\/div><\/p>\n\n\n\n<p>Sull&#8217;argomento, da notare il preoccupante silenzio del sindaco Cateno De Luca, distratto da altre tematiche del suo perenne show politico a mezzo Social. Il sindaco di Messina, come si ricorder\u00e0, aveva inscenato la piece teatrale delle finte dimissioni, poi revocate in calcio d&#8217;angolo. Oggi, De Luca \u00e8 muto come un pesce e questo la dice lunga sulla sua credibilit\u00e0.<\/p>\n\n\n\n<p>La Uil, unico sindacato che ha messo a nudo la presunta inadeguatezza di La Paglia, certificata poi dal lavoro della Commissione d&#8217;inchiesta spedita a Messina da Ruggero Razza, \u00e8 pronto a fare battaglia perch\u00e9 non pu\u00f2 accettare &#8211; si dice negli uffici di viale San Martino &#8211; che la Sanit\u00e0 messinese possa tornare nelle mani di chi \u00e8 stato responsabile dello scatafascio.<\/p>\n\n\n\n<p>Il cerino in mano ce l&#8217;ha il governatore Nello Musumeci, che ha anche l&#8217;interim della Salute, e non c&#8217;\u00e8 tempo da perdere sebbene alcune frange della maggioranza, leggasi gruppo Calderone, stiano tentando in tutti i modi di salvare la testa di La Paglia.<\/p>\n","protected":false},"excerpt":{"rendered":"<p>Il 18 aprile prossimo scadono i termini della sospensione del manager dell&#8217;Asp Paolo La Paglia e, complice il caos che sta investendo la Sanit\u00e0 siciliana, il dg rischia di tornare al suo posto. Sebbene sia stato avviato l&#8217;iter per la decadenza, promosso dall&#8217;ex assessore alla Salute, Ruggero Razza, e avallato dal governatore Nello Musumeci, La [&hellip;]<\/p>\n","protected":false},"author":2,"featured_media":50235,"comment_status":"open","ping_status":"open","sticky":false,"template":"","format":"standard","meta":{"ub_ctt_via":"","_mi_skip_tracking":false},"categories":[221],"tags":[40,1245,768,113,769],"featured_image_src":"https:\/\/www.messinaoggi.it\/website\/wp-content\/uploads\/2020\/12\/BA329F0F-F6D4-47B0-B9C8-ABDB151D366E.jpeg","author_info":{"display_name":"Redazione","author_link":"https:\/\/www.messinaoggi.it\/website\/author\/redazione\/"},"digistream_id":0,"digistream":false,"_links":{"self":[{"href":"https:\/\/www.messinaoggi.it\/website\/wp-json\/wp\/v2\/posts\/58468"}],"collection":[{"href":"https:\/\/www.messinaoggi.it\/website\/wp-json\/wp\/v2\/posts"}],"about":[{"href":"https:\/\/www.messinaoggi.it\/website\/wp-json\/wp\/v2\/types\/post"}],"author":[{"embeddable":true,"href":"https:\/\/www.messinaoggi.it\/website\/wp-json\/wp\/v2\/users\/2"}],"replies":[{"embeddable":true,"href":"https:\/\/www.messinaoggi.it\/website\/wp-json\/wp\/v2\/comments?post=58468"}],"version-history":[{"count":2,"href":"https:\/\/www.messinaoggi.it\/website\/wp-json\/wp\/v2\/posts\/58468\/revisions"}],"predecessor-version":[{"id":58470,"href":"https:\/\/www.messinaoggi.it\/website\/wp-json\/wp\/v2\/posts\/58468\/revisions\/58470"}],"wp:featuredmedia":[{"embeddable":true,"href":"https:\/\/www.messinaoggi.it\/website\/wp-json\/wp\/v2\/media\/50235"}],"wp:attachment":[{"href":"https:\/\/www.messinaoggi.it\/website\/wp-json\/wp\/v2\/media?parent=58468"}],"wp:term":[{"taxonomy":"category","embeddable":true,"href":"https:\/\/www.messinaoggi.it\/website\/wp-json\/wp\/v2\/categories?post=58468"},{"taxonomy":"post_tag","embeddable":true,"href":"https:\/\/www.messinaoggi.it\/website\/wp-json\/wp\/v2\/tags?post=58468"}],"curies":[{"name":"wp","href":"https:\/\/api.w.org\/{rel}","templated":true}]}}