{"id":58460,"date":"2021-04-05T19:07:48","date_gmt":"2021-04-05T17:07:48","guid":{"rendered":"https:\/\/www.messinaoggi.it\/website\/2021\/04\/05\/altri-casi-di-covid-fra-gli-azzurri-positivi-cragno-florenzi-e-grifo\/"},"modified":"2021-04-06T09:11:49","modified_gmt":"2021-04-06T07:11:49","slug":"altri-casi-di-covid-fra-gli-azzurri-positivi-cragno-florenzi-e-grifo","status":"publish","type":"post","link":"https:\/\/www.messinaoggi.it\/website\/2021\/04\/05\/altri-casi-di-covid-fra-gli-azzurri-positivi-cragno-florenzi-e-grifo\/","title":{"rendered":"Altri casi di Covid fra gli Azzurri: positivi Cragno, Florenzi e Grifo"},"content":{"rendered":"<div>ROMA (ITALPRESS) &#8211; Sale il numero degli azzurri che hanno contratto il coronavirus in occasione dell&#8217;ultima sosta per le Nazionali. Dopo la notizia relativa ai quattro membri dello staff e le positivit\u00e0 di Bonucci e Verratti, altri tre calciatori che hanno fatto parte del gruppo di Mancini nei primi impegni delle qualificazioni mondiali hanno contratto il coronavirus. Il Friburgo ha fatto sapere che Vincenzo Grifo risulta contagiato, sebbene &#8220;con bassa concentrazione virale&#8221;, mentre a stretto giro di posta \u00e8 arrivata la comunicazione del Paris Saint Germain: anche Alessandro Florenzi, che sabato era stato precauzionalmente escluso dalla sfida col Lille, \u00e8 risultato positivo e salter\u00e0 mercoled\u00ec l&#8217;andata dei quarti di Champions contro il Bayern Monaco. L&#8217;ultimo in ordine di tempo \u00e8 Alessio Cragno, in campo invece sabato contro il Verona. Il Cagliari ha fatto sapere che il portiere \u00e8 risultato positivo al Covid-19: &#8220;monitorato con attenzione dal suo rientro dagli impegni con la Nazionale italiana, il calciatore ha eseguito un nuovo test diagnostico nella giornata di ieri, domenica 4 aprile, e si trova attualmente in isolamento&#8221;. Da registrare anche un nuovo caso nel Torino, che per\u00f2 non ha comunicato l&#8217;identit\u00e0 del tesserato risultato positivo.<br \/>(ITALPRESS).<\/div>\n<div id=\"div-gpt-ad-Messinaoggi.it-DSK-300x250-corpoart\" style=\"text-align:center;margin:0 auto;\"><\/div><\/p><div id=\"videoincontent\" style=\"clear:both\";><\/div>","protected":false},"excerpt":{"rendered":"<p>ROMA (ITALPRESS) &#8211; Sale il numero degli azzurri che hanno contratto il coronavirus in occasione dell&#8217;ultima sosta per le Nazionali. Dopo la notizia relativa ai quattro membri dello staff e le positivit\u00e0 di Bonucci e Verratti, altri tre calciatori che hanno fatto parte del gruppo di Mancini nei primi impegni delle qualificazioni mondiali hanno contratto [&hellip;]<\/p>\n","protected":false},"author":18,"featured_media":58461,"comment_status":"closed","ping_status":"closed","sticky":false,"template":"","format":"standard","meta":{"ub_ctt_via":"","_mi_skip_tracking":false},"categories":[10,446,9],"tags":[783],"featured_image_src":"https:\/\/www.messinaoggi.it\/website\/wp-content\/uploads\/2021\/04\/20210405_1984.jpg","author_info":{"display_name":"Admin","author_link":"https:\/\/www.messinaoggi.it\/website\/author\/admin\/"},"digistream_id":0,"digistream":false,"_links":{"self":[{"href":"https:\/\/www.messinaoggi.it\/website\/wp-json\/wp\/v2\/posts\/58460"}],"collection":[{"href":"https:\/\/www.messinaoggi.it\/website\/wp-json\/wp\/v2\/posts"}],"about":[{"href":"https:\/\/www.messinaoggi.it\/website\/wp-json\/wp\/v2\/types\/post"}],"author":[{"embeddable":true,"href":"https:\/\/www.messinaoggi.it\/website\/wp-json\/wp\/v2\/users\/18"}],"replies":[{"embeddable":true,"href":"https:\/\/www.messinaoggi.it\/website\/wp-json\/wp\/v2\/comments?post=58460"}],"version-history":[{"count":1,"href":"https:\/\/www.messinaoggi.it\/website\/wp-json\/wp\/v2\/posts\/58460\/revisions"}],"predecessor-version":[{"id":58476,"href":"https:\/\/www.messinaoggi.it\/website\/wp-json\/wp\/v2\/posts\/58460\/revisions\/58476"}],"wp:featuredmedia":[{"embeddable":true,"href":"https:\/\/www.messinaoggi.it\/website\/wp-json\/wp\/v2\/media\/58461"}],"wp:attachment":[{"href":"https:\/\/www.messinaoggi.it\/website\/wp-json\/wp\/v2\/media?parent=58460"}],"wp:term":[{"taxonomy":"category","embeddable":true,"href":"https:\/\/www.messinaoggi.it\/website\/wp-json\/wp\/v2\/categories?post=58460"},{"taxonomy":"post_tag","embeddable":true,"href":"https:\/\/www.messinaoggi.it\/website\/wp-json\/wp\/v2\/tags?post=58460"}],"curies":[{"name":"wp","href":"https:\/\/api.w.org\/{rel}","templated":true}]}}