{"id":58267,"date":"2021-04-03T16:10:03","date_gmt":"2021-04-03T14:10:03","guid":{"rendered":"http:\/\/www.messinaoggi.it\/website\/?p=58267"},"modified":"2021-04-03T16:13:03","modified_gmt":"2021-04-03T14:13:03","slug":"assembramenti-al-verona-trento-scappano-alla-vista-di-de-luca","status":"publish","type":"post","link":"https:\/\/www.messinaoggi.it\/website\/2021\/04\/03\/assembramenti-al-verona-trento-scappano-alla-vista-di-de-luca\/","title":{"rendered":"Assembramenti al &#8220;Verona Trento&#8221;: scappano alla vista di De Luca"},"content":{"rendered":"\n<p>Un gruppo di ragazzi si \u00e8 dato alla fuga alla vista del sindaco Cateno De Luca. \u00c8 accaduto nel tardo pomeriggio di ieri nei pressi dell&#8217;istituto &#8220;Verona Trento&#8221;.<div id=\"div-gpt-ad-Messinaoggi.it-DSK-300x250-corpoart\" style=\"text-align:center;margin:0 auto;\"><\/div><\/p>\n\n\n\n<p>A scatenare la fuga \u00e8 stato l&#8217;assembramento che si era venuto a creare nei pressi della scalinata dell&#8217;istituto industriale. Il sindaco, che si trovava l\u00ec di passaggio a bordo di un&#8217;auto, si era fermato per disperdere l&#8217;assembramento.<div id=\"videoincontent\" style=\"clear:both\";><\/div><\/p>\n\n\n\n<p>Appena i giovani hanno capito che a fermarsi era l&#8217;auto con a bordo il sindaco, si sono dati a una precipitosa fuga.<\/p>\n","protected":false},"excerpt":{"rendered":"<p>Un gruppo di ragazzi si \u00e8 dato alla fuga alla vista del sindaco Cateno De Luca. \u00c8 accaduto nel tardo pomeriggio di ieri nei pressi dell&#8217;istituto &#8220;Verona Trento&#8221;. A scatenare la fuga \u00e8 stato l&#8217;assembramento che si era venuto a creare nei pressi della scalinata dell&#8217;istituto industriale. Il sindaco, che si trovava l\u00ec di passaggio [&hellip;]<\/p>\n","protected":false},"author":8,"featured_media":58271,"comment_status":"open","ping_status":"open","sticky":false,"template":"","format":"standard","meta":{"ub_ctt_via":"","_mi_skip_tracking":false},"categories":[5],"tags":[1156,134,1220],"featured_image_src":"https:\/\/www.messinaoggi.it\/website\/wp-content\/uploads\/2021\/04\/bassi_insegna.jpg","author_info":{"display_name":"red..me","author_link":"https:\/\/www.messinaoggi.it\/website\/author\/redstage\/"},"digistream_id":0,"digistream":false,"_links":{"self":[{"href":"https:\/\/www.messinaoggi.it\/website\/wp-json\/wp\/v2\/posts\/58267"}],"collection":[{"href":"https:\/\/www.messinaoggi.it\/website\/wp-json\/wp\/v2\/posts"}],"about":[{"href":"https:\/\/www.messinaoggi.it\/website\/wp-json\/wp\/v2\/types\/post"}],"author":[{"embeddable":true,"href":"https:\/\/www.messinaoggi.it\/website\/wp-json\/wp\/v2\/users\/8"}],"replies":[{"embeddable":true,"href":"https:\/\/www.messinaoggi.it\/website\/wp-json\/wp\/v2\/comments?post=58267"}],"version-history":[{"count":1,"href":"https:\/\/www.messinaoggi.it\/website\/wp-json\/wp\/v2\/posts\/58267\/revisions"}],"predecessor-version":[{"id":58270,"href":"https:\/\/www.messinaoggi.it\/website\/wp-json\/wp\/v2\/posts\/58267\/revisions\/58270"}],"wp:featuredmedia":[{"embeddable":true,"href":"https:\/\/www.messinaoggi.it\/website\/wp-json\/wp\/v2\/media\/58271"}],"wp:attachment":[{"href":"https:\/\/www.messinaoggi.it\/website\/wp-json\/wp\/v2\/media?parent=58267"}],"wp:term":[{"taxonomy":"category","embeddable":true,"href":"https:\/\/www.messinaoggi.it\/website\/wp-json\/wp\/v2\/categories?post=58267"},{"taxonomy":"post_tag","embeddable":true,"href":"https:\/\/www.messinaoggi.it\/website\/wp-json\/wp\/v2\/tags?post=58267"}],"curies":[{"name":"wp","href":"https:\/\/api.w.org\/{rel}","templated":true}]}}