{"id":5817,"date":"2017-08-02T12:31:32","date_gmt":"2017-08-02T10:31:32","guid":{"rendered":"http:\/\/www.messinaoggi.it\/website\/?p=5817"},"modified":"2017-08-02T12:31:32","modified_gmt":"2017-08-02T10:31:32","slug":"picciotto-nella-giunta-della-camera-di-commercio","status":"publish","type":"post","link":"https:\/\/www.messinaoggi.it\/website\/2017\/08\/02\/picciotto-nella-giunta-della-camera-di-commercio\/","title":{"rendered":"Picciotto nella Giunta della Camera di Commercio"},"content":{"rendered":"<p>Il presidente di Confcommercio, Carmelo Picciotto, \u00e8 stato eletto componente della Giunta della Camera di Commercio di Messina.<br \/>\nPicciotto far\u00e0 quindi parte dell&#8217;organo di governo di cui \u00e8 presidente Ivo Blandina di Confindustria. Oggi \u00e8 stato convocato il Consiglio dell&#8217;Ente Camerale e al termine dei lavori \u00e8 stata composta la nuova Giunta della Camera di Commercio.<br \/>\nIl Consiglio camerale ha eletto questa mattina i componenti della Giunta: Rosa Natoli (Agricoltura), Alberto Palella e Carmelo Picciotto (Commercio), Vito Siracusa (Artigianato), Tonino Genovese (Organizzazioni sindacali), Cettina Scaffidi Militone (Industria). \u00abE\u2019 stata confermata l\u2019adesione convinta a un progetto di rilancio della Camera di commercio \u2013 afferma il presidente dell\u2019Ente camerale, Ivo Blandina \u2013 che ha eletto all\u2019unanimit\u00e0 una Giunta con persone qualificate, rappresentativa delle presenze nel Consiglio camerale e, quindi, rappresentativa di vari settori merceologici e di tutti i territori della provincia. Ulteriore elemento di novit\u00e0 \u00e8, poi, la presenza di due donne\u00bb.<br \/>\n\u00abLo spirito che ha contraddistinto l\u2019elezione dei componenti della Giunta e gli argomenti emersi nel corso dei lavori \u2013 aggiunge il segretario generale, Alfio Pagliaro \u2013 indicano a chiare lettere come la Camera di commercio abbia gli uomini giusti al posto giusto per il suo rilancio e per reali interventi a favore delle imprese del territorio\u00bb.<br \/>\nSubito dopo, la Giunta ha deliberato di riunirsi per eleggere il vicepresidente. All\u2019unanimit\u00e0 e con voto palese, \u00e8 stato eletto Alberto Palella: \u00abCon l\u2019elezione di oggi, la Camera di commercio ha completato l\u2019iter relativo alla formazione dei suoi organi. Adesso, \u00e8 necessario rimboccarsi le maniche e lavorare affinch\u00e9 l\u2019Ente camerale si riappropri del giusto ruolo che le appartiene da sempre, ossia quello di essere la Casa delle imprese, vicina alle esigenze di tutte le aziende\u00bb.<div id=\"div-gpt-ad-Messinaoggi.it-DSK-300x250-corpoart\" style=\"text-align:center;margin:0 auto;\"><\/div><\/p>\n<div id=\"videoincontent\" style=\"clear:both\";><\/div>","protected":false},"excerpt":{"rendered":"<p>Il presidente di Confcommercio, Carmelo Picciotto, \u00e8 stato eletto componente della Giunta della Camera di Commercio di Messina. Picciotto far\u00e0 quindi parte dell&#8217;organo di governo di cui \u00e8 presidente Ivo Blandina di Confindustria. Oggi \u00e8 stato convocato il Consiglio dell&#8217;Ente Camerale e al termine dei lavori \u00e8 stata composta la nuova Giunta della Camera di [&hellip;]<\/p>\n","protected":false},"author":2,"featured_media":5818,"comment_status":"closed","ping_status":"open","sticky":false,"template":"","format":"standard","meta":{"ub_ctt_via":"","_mi_skip_tracking":false},"categories":[5],"tags":[],"featured_image_src":"https:\/\/www.messinaoggi.it\/website\/wp-content\/uploads\/2017\/08\/PICCIOTTO-2.jpg","author_info":{"display_name":"Redazione","author_link":"https:\/\/www.messinaoggi.it\/website\/author\/redazione\/"},"digistream_id":0,"digistream":false,"_links":{"self":[{"href":"https:\/\/www.messinaoggi.it\/website\/wp-json\/wp\/v2\/posts\/5817"}],"collection":[{"href":"https:\/\/www.messinaoggi.it\/website\/wp-json\/wp\/v2\/posts"}],"about":[{"href":"https:\/\/www.messinaoggi.it\/website\/wp-json\/wp\/v2\/types\/post"}],"author":[{"embeddable":true,"href":"https:\/\/www.messinaoggi.it\/website\/wp-json\/wp\/v2\/users\/2"}],"replies":[{"embeddable":true,"href":"https:\/\/www.messinaoggi.it\/website\/wp-json\/wp\/v2\/comments?post=5817"}],"version-history":[{"count":0,"href":"https:\/\/www.messinaoggi.it\/website\/wp-json\/wp\/v2\/posts\/5817\/revisions"}],"wp:featuredmedia":[{"embeddable":true,"href":"https:\/\/www.messinaoggi.it\/website\/wp-json\/wp\/v2\/media\/5818"}],"wp:attachment":[{"href":"https:\/\/www.messinaoggi.it\/website\/wp-json\/wp\/v2\/media?parent=5817"}],"wp:term":[{"taxonomy":"category","embeddable":true,"href":"https:\/\/www.messinaoggi.it\/website\/wp-json\/wp\/v2\/categories?post=5817"},{"taxonomy":"post_tag","embeddable":true,"href":"https:\/\/www.messinaoggi.it\/website\/wp-json\/wp\/v2\/tags?post=5817"}],"curies":[{"name":"wp","href":"https:\/\/api.w.org\/{rel}","templated":true}]}}