{"id":5786,"date":"2017-08-02T11:15:32","date_gmt":"2017-08-02T09:15:32","guid":{"rendered":"http:\/\/www.messinaoggi.it\/website\/?p=5786"},"modified":"2017-08-02T11:15:32","modified_gmt":"2017-08-02T09:15:32","slug":"messina-citta-metropolitana-in-campo-la-triplice","status":"publish","type":"post","link":"https:\/\/www.messinaoggi.it\/website\/2017\/08\/02\/messina-citta-metropolitana-in-campo-la-triplice\/","title":{"rendered":"Messina citt\u00e0 metropolitana: in campo la &quot;Triplice&quot;"},"content":{"rendered":"<p><em>\u201cLe proposte di Cgil, Cisl e Uil per il futuro della citt\u00e0 metropolitana di Messina\u201d<\/em>: l\u2019argomento sar\u00e0 al centro di una conferenza stampa che terr\u00e0 gioved\u00ec 3 agosto 2017, alle ore 10,30, presso il Salone conferenze della sede Uil di Messina, sita in viale San Martino n. 146.<br \/>\nAlla conferenza stampa parteciperanno <strong>Giovanni Mastroeni<\/strong>, Segretario generale CGIL Messina; <strong>Tonino Genovese<\/strong>, Segretario generale CISL Messina e <strong>Ivan Tripodi<\/strong>, Segretario generale UIL Messina.<br \/>\nI sindacati scendono in campo per lanciare un ventaglio di proposte che possa fungere da monito per la classe politica messinese in vista delle prossime scadenze elettorali. La citt\u00e0 sta soffrendo maledettamente a causa della crisi economica ma anche per via di scelte politiche errate.<div id=\"div-gpt-ad-Messinaoggi.it-DSK-300x250-corpoart\" style=\"text-align:center;margin:0 auto;\"><\/div><\/p>\n<div id=\"videoincontent\" style=\"clear:both\";><\/div>","protected":false},"excerpt":{"rendered":"<p>\u201cLe proposte di Cgil, Cisl e Uil per il futuro della citt\u00e0 metropolitana di Messina\u201d: l\u2019argomento sar\u00e0 al centro di una conferenza stampa che terr\u00e0 gioved\u00ec 3 agosto 2017, alle ore 10,30, presso il Salone conferenze della sede Uil di Messina, sita in viale San Martino n. 146. Alla conferenza stampa parteciperanno Giovanni Mastroeni, Segretario [&hellip;]<\/p>\n","protected":false},"author":2,"featured_media":5787,"comment_status":"closed","ping_status":"open","sticky":false,"template":"","format":"standard","meta":{"ub_ctt_via":"","_mi_skip_tracking":false},"categories":[5],"tags":[],"featured_image_src":"https:\/\/www.messinaoggi.it\/website\/wp-content\/uploads\/2017\/08\/bandiere-cgil-cisl-uil-660x330-3.jpg","author_info":{"display_name":"Redazione","author_link":"https:\/\/www.messinaoggi.it\/website\/author\/redazione\/"},"digistream_id":0,"digistream":false,"_links":{"self":[{"href":"https:\/\/www.messinaoggi.it\/website\/wp-json\/wp\/v2\/posts\/5786"}],"collection":[{"href":"https:\/\/www.messinaoggi.it\/website\/wp-json\/wp\/v2\/posts"}],"about":[{"href":"https:\/\/www.messinaoggi.it\/website\/wp-json\/wp\/v2\/types\/post"}],"author":[{"embeddable":true,"href":"https:\/\/www.messinaoggi.it\/website\/wp-json\/wp\/v2\/users\/2"}],"replies":[{"embeddable":true,"href":"https:\/\/www.messinaoggi.it\/website\/wp-json\/wp\/v2\/comments?post=5786"}],"version-history":[{"count":0,"href":"https:\/\/www.messinaoggi.it\/website\/wp-json\/wp\/v2\/posts\/5786\/revisions"}],"wp:featuredmedia":[{"embeddable":true,"href":"https:\/\/www.messinaoggi.it\/website\/wp-json\/wp\/v2\/media\/5787"}],"wp:attachment":[{"href":"https:\/\/www.messinaoggi.it\/website\/wp-json\/wp\/v2\/media?parent=5786"}],"wp:term":[{"taxonomy":"category","embeddable":true,"href":"https:\/\/www.messinaoggi.it\/website\/wp-json\/wp\/v2\/categories?post=5786"},{"taxonomy":"post_tag","embeddable":true,"href":"https:\/\/www.messinaoggi.it\/website\/wp-json\/wp\/v2\/tags?post=5786"}],"curies":[{"name":"wp","href":"https:\/\/api.w.org\/{rel}","templated":true}]}}