{"id":57624,"date":"2021-03-30T10:00:00","date_gmt":"2021-03-30T08:00:00","guid":{"rendered":"http:\/\/www.messinaoggi.it\/website\/?p=57624"},"modified":"2021-03-29T16:52:36","modified_gmt":"2021-03-29T14:52:36","slug":"karting-michael-paparo-del-team-praga-fatica-nel-wsk-sul-circuito-di-sarno","status":"publish","type":"post","link":"https:\/\/www.messinaoggi.it\/website\/2021\/03\/30\/karting-michael-paparo-del-team-praga-fatica-nel-wsk-sul-circuito-di-sarno\/","title":{"rendered":"KARTING &#8211; Michael Paparo del Team Praga, fatica nel WSK sul circuito di Sarno"},"content":{"rendered":"\n<p>La terza prova del Super Master Series del WSK, disputata sulla pista rinnovata del Circuito Internazionale di Napoli, va in archivio con fasi alterne e tanta fatica per Michael Paparo e il Team Praga.<div id=\"div-gpt-ad-Messinaoggi.it-DSK-300x250-corpoart\" style=\"text-align:center;margin:0 auto;\"><\/div><\/p>\n\n\n\n<p>La trasferta campana \u00e8 stata avara di gratificazioni piene, sono presto svanite le attese della vigilia ben fondate sulle precedenti esperienze, poco ripagate dai risultati certamente non consoni alle aspettative e alle potenzialit\u00e0 del pilota e soprattutto del marchio Praga che sta investendo tantissimo per questa stagione nel karting.<div id=\"videoincontent\" style=\"clear:both\";><\/div><\/p>\n\n\n\n<p>Il 16enne siracusano non ha risparmiato energie e tecnica, team e pilota ancora una volta nelle fasi eliminatorie hanno proferito ogni sforzo compiendo un buon recupero, tanto sperare in un epilogo soddisfacente, alla fine si \u00e8 apprezzata la crescita sebbene il risultato sia stato molto limitato per una compagine abituata alla ribalta sulla scena.<\/p>\n\n\n\n<p>Naturalmente Praga e Paparo hanno capitalizzato la faticosa settimana di lavoro raccogliendo dati fondamentali: la direzione da prendere per superare il momento critico attraverso scelte precise e soluzioni efficaci ed immediate, oltre all\u2019apprendimento del nuovo layout del tracciato che a Luglio ospiter\u00e0 una delle prove del Campionato Europeo, che resta uno degli obiettivi principali della stagione in corso.<\/p>\n\n\n\n<div class=\"wp-block-image\"><figure class=\"aligncenter size-large\"><img loading=\"lazy\" width=\"1024\" height=\"681\" src=\"https:\/\/www.messinaoggi.it\/website\/wp-content\/uploads\/2021\/03\/paparo_ok-1024x681.jpg\" alt=\"\" class=\"wp-image-57625\" srcset=\"https:\/\/www.messinaoggi.it\/website\/wp-content\/uploads\/2021\/03\/paparo_ok-1024x681.jpg 1024w, https:\/\/www.messinaoggi.it\/website\/wp-content\/uploads\/2021\/03\/paparo_ok-300x200.jpg 300w, https:\/\/www.messinaoggi.it\/website\/wp-content\/uploads\/2021\/03\/paparo_ok-768x511.jpg 768w, https:\/\/www.messinaoggi.it\/website\/wp-content\/uploads\/2021\/03\/paparo_ok-1536x1021.jpg 1536w, https:\/\/www.messinaoggi.it\/website\/wp-content\/uploads\/2021\/03\/paparo_ok.jpg 1600w\" sizes=\"(max-width: 1024px) 100vw, 1024px\" \/><figcaption><em><strong>Michael Paparo in gara<\/strong><\/em><\/figcaption><\/figure><\/div>\n\n\n\n<p>Paparo ha cos\u00ec commentato:<em> \u201cNon ci siamo risparmiati ed abbiamo provato ogni soluzione possibile. Purtroppo pur avendo trovato il set up pi\u00f9 efficace, allo stesso \u00e8 mancato il supporto di una potenza adeguata. Il quadro \u00e8 completo e conosciamo le possibili soluzioni che sapremo attuare grazie alla professionalit\u00e0 del Team Praga, anche se il tempo che ci  divide dalla prossima trasferta \u00e8 assai limitato ed occorre essere subito incisivi nel Campionato Europeo\u201d<\/em>.<\/p>\n\n\n\n<p>Dopo la pausa per le festivit\u00e0 pasquali, Paparo torner\u00e0 in pista per svolgere nuovi test prima del 4 \u00b0round si Super Master Series che, dopo la riformulazione del calendario WSK, andr\u00e0 in scena a Lonato(BS) dal 22 al 25 Aprile<\/p>\n","protected":false},"excerpt":{"rendered":"<p>La terza prova del Super Master Series del WSK, disputata sulla pista rinnovata del Circuito Internazionale di Napoli, va in archivio con fasi alterne e tanta fatica per Michael Paparo e il Team Praga. La trasferta campana \u00e8 stata avara di gratificazioni piene, sono presto svanite le attese della vigilia ben fondate sulle precedenti esperienze, [&hellip;]<\/p>\n","protected":false},"author":17,"featured_media":57626,"comment_status":"open","ping_status":"open","sticky":false,"template":"","format":"standard","meta":{"ub_ctt_via":"","_mi_skip_tracking":false},"categories":[8,9],"tags":[1174],"featured_image_src":"https:\/\/www.messinaoggi.it\/website\/wp-content\/uploads\/2021\/03\/paparo_sarno.jpg","author_info":{"display_name":"Giuseppe Luppino","author_link":"https:\/\/www.messinaoggi.it\/website\/author\/g-luppino\/"},"digistream_id":0,"digistream":false,"_links":{"self":[{"href":"https:\/\/www.messinaoggi.it\/website\/wp-json\/wp\/v2\/posts\/57624"}],"collection":[{"href":"https:\/\/www.messinaoggi.it\/website\/wp-json\/wp\/v2\/posts"}],"about":[{"href":"https:\/\/www.messinaoggi.it\/website\/wp-json\/wp\/v2\/types\/post"}],"author":[{"embeddable":true,"href":"https:\/\/www.messinaoggi.it\/website\/wp-json\/wp\/v2\/users\/17"}],"replies":[{"embeddable":true,"href":"https:\/\/www.messinaoggi.it\/website\/wp-json\/wp\/v2\/comments?post=57624"}],"version-history":[{"count":1,"href":"https:\/\/www.messinaoggi.it\/website\/wp-json\/wp\/v2\/posts\/57624\/revisions"}],"predecessor-version":[{"id":57627,"href":"https:\/\/www.messinaoggi.it\/website\/wp-json\/wp\/v2\/posts\/57624\/revisions\/57627"}],"wp:featuredmedia":[{"embeddable":true,"href":"https:\/\/www.messinaoggi.it\/website\/wp-json\/wp\/v2\/media\/57626"}],"wp:attachment":[{"href":"https:\/\/www.messinaoggi.it\/website\/wp-json\/wp\/v2\/media?parent=57624"}],"wp:term":[{"taxonomy":"category","embeddable":true,"href":"https:\/\/www.messinaoggi.it\/website\/wp-json\/wp\/v2\/categories?post=57624"},{"taxonomy":"post_tag","embeddable":true,"href":"https:\/\/www.messinaoggi.it\/website\/wp-json\/wp\/v2\/tags?post=57624"}],"curies":[{"name":"wp","href":"https:\/\/api.w.org\/{rel}","templated":true}]}}