{"id":5738,"date":"2017-08-01T11:36:35","date_gmt":"2017-08-01T09:36:35","guid":{"rendered":"http:\/\/www.messinaoggi.it\/website\/?p=5738"},"modified":"2017-08-01T11:36:35","modified_gmt":"2017-08-01T09:36:35","slug":"agosto-infuocato-lucifero-prende-di-mira-anche-messina","status":"publish","type":"post","link":"https:\/\/www.messinaoggi.it\/website\/2017\/08\/01\/agosto-infuocato-lucifero-prende-di-mira-anche-messina\/","title":{"rendered":"Agosto infuocato, &quot;Lucifero&quot; prende di mira anche Messina"},"content":{"rendered":"<p>Una settimana di fuoco. L&#8217;Italia \u00e8 nella morsa di &#8220;Lucifero&#8221;, che da nord a sud riscalda la penisola con temperature record. Nella giornata di domani saranno 16 le citt\u00e0 con &#8220;bollino rosso&#8221;, mentre gioved\u00ec l&#8217;allerta interesser\u00e0 ben 26 localit\u00e0. Lo rende noto il ministero della Salute attraverso il Bollettino delle ondate di calore.<br \/>\nDomani &#8220;Lucifero&#8221; colpir\u00e0 Ancona, Bari, Bologna, Bolzano, Brescia, Cagliari, Campobasso, Catania, Civitavecchia, Firenze, Frosinone, Latina,\u00a0Messina, Milano, Napoli, Palermo, Perugia, Pescara, Reggio Calabria, Rieti, Roma, Torino, Trieste, Venezia, Verona e Viterbo.<br \/>\nTemperature che potrebbero essere superiori ai 40\u00b0 almeno sino al 20 agosto. Questo \u00e8 ci\u00f2 che ci aspetta per questo mese, durante il quale la situazione meteo continuer\u00e0 ad essere s\u00ec all&#8217;insegna del tempo stabile, ma con temperature anormali se si considera la media del periodo.<br \/>\nSi consiglia pertanto, specie per le categorie pi\u00f9 deboli quali anziani, da un lato, di evitare di esporsi a queste temperature soprattutto nelle ore centrali della giornata, ovvero dalle 12 alle 16, durante le quali il caldo potrebbe essere potenzialmente pericoloso; dall&#8217;altro lato di idratarsi bevendo molta acqua.<br \/>\n<strong>Per maggiori dettagli consulta il sito<\/strong>\u00a0<a href=\"http:\/\/centrometeoitaliano.it\">http:\/\/centrometeo.it<\/a><div id=\"div-gpt-ad-Messinaoggi.it-DSK-300x250-corpoart\" style=\"text-align:center;margin:0 auto;\"><\/div><\/p>\n<div id=\"videoincontent\" style=\"clear:both\";><\/div>","protected":false},"excerpt":{"rendered":"<p>Una settimana di fuoco. L&#8217;Italia \u00e8 nella morsa di &#8220;Lucifero&#8221;, che da nord a sud riscalda la penisola con temperature record. Nella giornata di domani saranno 16 le citt\u00e0 con &#8220;bollino rosso&#8221;, mentre gioved\u00ec l&#8217;allerta interesser\u00e0 ben 26 localit\u00e0. Lo rende noto il ministero della Salute attraverso il Bollettino delle ondate di calore. Domani &#8220;Lucifero&#8221; [&hellip;]<\/p>\n","protected":false},"author":8,"featured_media":5807,"comment_status":"closed","ping_status":"open","sticky":false,"template":"","format":"standard","meta":{"ub_ctt_via":"","_mi_skip_tracking":false},"categories":[6],"tags":[],"featured_image_src":"https:\/\/www.messinaoggi.it\/website\/wp-content\/uploads\/2017\/08\/anziano-acqua-2.jpg","author_info":{"display_name":"red..me","author_link":"https:\/\/www.messinaoggi.it\/website\/author\/redstage\/"},"digistream_id":0,"digistream":false,"_links":{"self":[{"href":"https:\/\/www.messinaoggi.it\/website\/wp-json\/wp\/v2\/posts\/5738"}],"collection":[{"href":"https:\/\/www.messinaoggi.it\/website\/wp-json\/wp\/v2\/posts"}],"about":[{"href":"https:\/\/www.messinaoggi.it\/website\/wp-json\/wp\/v2\/types\/post"}],"author":[{"embeddable":true,"href":"https:\/\/www.messinaoggi.it\/website\/wp-json\/wp\/v2\/users\/8"}],"replies":[{"embeddable":true,"href":"https:\/\/www.messinaoggi.it\/website\/wp-json\/wp\/v2\/comments?post=5738"}],"version-history":[{"count":0,"href":"https:\/\/www.messinaoggi.it\/website\/wp-json\/wp\/v2\/posts\/5738\/revisions"}],"wp:featuredmedia":[{"embeddable":true,"href":"https:\/\/www.messinaoggi.it\/website\/wp-json\/wp\/v2\/media\/5807"}],"wp:attachment":[{"href":"https:\/\/www.messinaoggi.it\/website\/wp-json\/wp\/v2\/media?parent=5738"}],"wp:term":[{"taxonomy":"category","embeddable":true,"href":"https:\/\/www.messinaoggi.it\/website\/wp-json\/wp\/v2\/categories?post=5738"},{"taxonomy":"post_tag","embeddable":true,"href":"https:\/\/www.messinaoggi.it\/website\/wp-json\/wp\/v2\/tags?post=5738"}],"curies":[{"name":"wp","href":"https:\/\/api.w.org\/{rel}","templated":true}]}}