{"id":57281,"date":"2021-03-27T10:05:59","date_gmt":"2021-03-27T09:05:59","guid":{"rendered":"http:\/\/www.messinaoggi.it\/website\/?p=57281"},"modified":"2021-03-27T10:06:01","modified_gmt":"2021-03-27T09:06:01","slug":"mobilita-sostenibile-si-chiude-la-presentazione-del-pums","status":"publish","type":"post","link":"https:\/\/www.messinaoggi.it\/website\/2021\/03\/27\/mobilita-sostenibile-si-chiude-la-presentazione-del-pums\/","title":{"rendered":"Mobilit\u00e0 sostenibile, si chiude la presentazione del Pums"},"content":{"rendered":"\n<p>Si \u00e8 conclusa la presentazione del nuovo Piano urbano della mobilit\u00e0 sostenibile (Pums) della citt\u00e0 metropolitana e del comune di Messina. Ieri, infatti, si \u00e8 tenuta la seconda giornata di workshop dedicata alla mobilit\u00e0 sostenibile.<div id=\"div-gpt-ad-Messinaoggi.it-DSK-300x250-corpoart\" style=\"text-align:center;margin:0 auto;\"><\/div><\/p>\n\n\n\n<p>In rappresentanza della giunta, presenti all\u2019incontro il sindaco Cateno De Luca, l\u2019assessore alla Mobilit\u00e0 urbana Salvatore Mondello, oltre che il dirigente V Direzione Pianificazione della citt\u00e0 metropolitana Salvo Puccio.<div id=\"videoincontent\" style=\"clear:both\";><\/div><\/p>\n\n\n\n<p>In apertura dei lavori il sindaco ha richiamato l\u2019attenzione sull\u2019importanza delle varie fasi della redazione del Pums che, insieme al Pgtu, rappresentano la chiave vincente di un nuovo modo di fare pianificazione e programmazione. \u201cLa pianificazione complessiva dello strumento di Mobilit\u00e0 urbana sostenibile necessita infatti \u2013 ha sottolineato De Luca \u2013 di adempimenti che vanno assolutamente definiti, lavorando in sinergia comune e citt\u00e0 metropolitana di Messina, al fine di definire le varie tappe.<\/p>\n\n\n\n<p>\u201cSi apre una fase dove ognuno di noi sar\u00e0 chiamato ciascuno per i propri ruoli ad essere concreto e lungimirante tenendo conto che esiste una situazione in itinere che condizioner\u00e0 la conclusione di questo procedimento. \u00c8 una road map che ci impone di lavorare incessantemente e per questo ringrazio l\u2019assessore Salvatore Mondello e il dirigente della V Direzione pianificazione Salvo Puccio e chi oggi si \u00e8 aggiudicato il lavoro sotto il profilo de servizi che dovranno essere resi\u201d.<\/p>\n\n\n\n<p>Il sindaco De Luca si \u00e8 poi augurato che ci sia una forte capacit\u00e0 che punti ad individuare strategie fattibili. \u201cNon importano i percorsi suggestivi, in quanto diventano boomerang ma \u00e8 indispensabile orientarsi ad essere concreti, ragionare e porre come \u201cstella cometa\u201d della strategia gli elementi della fattibilit\u00e0 e della cantierabilit\u00e0, quindi cronoprogramma. Non bisogna fare l\u2019errore di delineare percorsi che non siano compatibili nella fase conclusiva con gli atti amministrativi che possono poi precludere la finanziabilit\u00e0. Questa \u00e8 la premessa del percorso che dovr\u00e0 compiersi secondo questa logica\u201d.<\/p>\n\n\n\n<p>A seguire, l\u2019assessore Mondello ha ribadito l\u2019importanza dell\u2019odierno laboratorio aperto alla cittadinanza per costruire in modo interattivo la mobilit\u00e0 per Messina del futuro. Nel ringraziare i cittadini presenti, le associazioni intervenute e l\u2019intera macchina organizzativa che \u00e8 stata funzionale ha concluso sottolineando che: \u201cl\u2019obiettivo finale \u00e8 quello di realizzare una piattaforma complessiva, in un\u2019ottica globale e non settoriale, privilegiando scelte di interesse generale, che siano armoniche tra loro\u201d.<\/p>\n\n\n\n<p>Relativamente al team dei professionisti incaricati alla redazione del Piano, \u201c\u00e8 stato un avvio decisamente promettente. &#8211; hanno dichiarato Guido Marino responsabile tecnico, Matteo Scamporrino e Lucio Rubini &#8211; Abbiamo osservato interesse, curiosit\u00e0 e impegno da parte di cittadini e stakeholders che hanno partecipato numerosi a questi due giorni di dibattiti ed eventi on-line. Abbiamo avuto risultati molto interessanti anche grazie alla sperimentazione di nuovi strumenti e metodologie di partecipazione su piattaforme digitali. Ci hanno permesso di raccogliere molti dati, proposte e informazioni per ripensare la citt\u00e0 e la mobilit\u00e0 del futuro. Con questi contributi abbiamo ora un quadro ancora pi\u00f9 completo per progettare al meglio la mobilit\u00e0 di Messina al 2030\u201d.<\/p>\n\n\n\n<p>I partecipanti nel corso del Forum hanno avuto l\u2019opportunit\u00e0 di individuare gli obiettivi prioritari con cui il Piano dovr\u00e0 confrontarsi nei prossimi mesi come il miglioramento del trasporto pubblico, la sostenibilit\u00e0 energetica ed ambientale, la sicurezza stradale e la sostenibilit\u00e0 socioeconomica, grazie ad un questionario bivalente rivolto alla popolazione e agli stakeholders di entrambi i livelli, comunale e metropolitano. I questionari rimarranno attivi circa un mese, la serie di domande sar\u00e0 unica caratterizzata soltanto da \u201cramificazioni\u201d e differenziazioni di alcuni quesiti specifici che modulano gli interrogativi secondo le circostanze: essere stakeholders o cittadini, residenti nel comune capoluogo o in uno dei 108 Comuni, e cos\u00ec via, ciascuna linea va comunque ad indagare relativamente alle criticit\u00e0, ai bisogni e agli obiettivi ministeriali.<\/p>\n","protected":false},"excerpt":{"rendered":"<p>Si \u00e8 conclusa la presentazione del nuovo Piano urbano della mobilit\u00e0 sostenibile (Pums) della citt\u00e0 metropolitana e del comune di Messina. Ieri, infatti, si \u00e8 tenuta la seconda giornata di workshop dedicata alla mobilit\u00e0 sostenibile. In rappresentanza della giunta, presenti all\u2019incontro il sindaco Cateno De Luca, l\u2019assessore alla Mobilit\u00e0 urbana Salvatore Mondello, oltre che il [&hellip;]<\/p>\n","protected":false},"author":8,"featured_media":33613,"comment_status":"open","ping_status":"open","sticky":false,"template":"","format":"standard","meta":{"ub_ctt_via":"","_mi_skip_tracking":false},"categories":[5],"tags":[126,1140,1139],"featured_image_src":"https:\/\/www.messinaoggi.it\/website\/wp-content\/uploads\/2019\/06\/8D23C2E4-DE30-44F1-B1FE-05C48E9F7F14.jpeg","author_info":{"display_name":"red..me","author_link":"https:\/\/www.messinaoggi.it\/website\/author\/redstage\/"},"digistream_id":0,"digistream":false,"_links":{"self":[{"href":"https:\/\/www.messinaoggi.it\/website\/wp-json\/wp\/v2\/posts\/57281"}],"collection":[{"href":"https:\/\/www.messinaoggi.it\/website\/wp-json\/wp\/v2\/posts"}],"about":[{"href":"https:\/\/www.messinaoggi.it\/website\/wp-json\/wp\/v2\/types\/post"}],"author":[{"embeddable":true,"href":"https:\/\/www.messinaoggi.it\/website\/wp-json\/wp\/v2\/users\/8"}],"replies":[{"embeddable":true,"href":"https:\/\/www.messinaoggi.it\/website\/wp-json\/wp\/v2\/comments?post=57281"}],"version-history":[{"count":1,"href":"https:\/\/www.messinaoggi.it\/website\/wp-json\/wp\/v2\/posts\/57281\/revisions"}],"predecessor-version":[{"id":57284,"href":"https:\/\/www.messinaoggi.it\/website\/wp-json\/wp\/v2\/posts\/57281\/revisions\/57284"}],"wp:featuredmedia":[{"embeddable":true,"href":"https:\/\/www.messinaoggi.it\/website\/wp-json\/wp\/v2\/media\/33613"}],"wp:attachment":[{"href":"https:\/\/www.messinaoggi.it\/website\/wp-json\/wp\/v2\/media?parent=57281"}],"wp:term":[{"taxonomy":"category","embeddable":true,"href":"https:\/\/www.messinaoggi.it\/website\/wp-json\/wp\/v2\/categories?post=57281"},{"taxonomy":"post_tag","embeddable":true,"href":"https:\/\/www.messinaoggi.it\/website\/wp-json\/wp\/v2\/tags?post=57281"}],"curies":[{"name":"wp","href":"https:\/\/api.w.org\/{rel}","templated":true}]}}