{"id":57278,"date":"2021-03-27T09:51:51","date_gmt":"2021-03-27T08:51:51","guid":{"rendered":"http:\/\/www.messinaoggi.it\/website\/?p=57278"},"modified":"2021-03-27T09:51:53","modified_gmt":"2021-03-27T08:51:53","slug":"lega-daniela-bruno-nominata-coordinatore-per-larea-metropolitana","status":"publish","type":"post","link":"https:\/\/www.messinaoggi.it\/website\/2021\/03\/27\/lega-daniela-bruno-nominata-coordinatore-per-larea-metropolitana\/","title":{"rendered":"Lega, Daniela Bruno nominata coordinatore per l\u2019area metropolitana"},"content":{"rendered":"\n<p>Il coordinatore provinciale e capogruppo all\u2019Ars della Lega, Antonio Catalfamo, ha nominato Daniela Bruno quale nuovo coordinatore per l\u2019area metropolitana di Messina, comprensiva di cinquantuno comuni.<div id=\"div-gpt-ad-Messinaoggi.it-DSK-300x250-corpoart\" style=\"text-align:center;margin:0 auto;\"><\/div><\/p>\n\n\n\n<p>\u201cSono molto felice di nominare Daniela Bruno coordinatrice per l\u2019area metropolitana di Messina &#8211; ha detto Antonio Catalfamo &#8211; donna di destra che tanto si \u00e8 spesa per la comunit\u00e0 messinese. Sono sicuro che far\u00e0 bene insieme a tutta la fantastica squadra dirigenziale della Lega, dall\u2019onorevole Nino Beninati al professor Dino Bramanti. Messina ha ora una squadra pronta ad accogliere le sfide del territorio partendo da esperienze e competenze sul campo, necessarie per un progetto politico di rilancio, credibile e concreto.\u201d<div id=\"videoincontent\" style=\"clear:both\";><\/div><\/p>\n\n\n\n<p>\u201cDa donna impegnata in politica, sono orgogliosa del prestigioso incarico di partito conferitomi dal segretario regionale Nino Minardo e dal segretario provinciale Antonio Catalfamo, che ringrazio per la fiducia e la responsabilit\u00e0 che hanno voluto riconoscermi. \u2013 ha dichiarato Bruno &#8211; Il coordinamento della mia citt\u00e0 e dell\u2019intera Area Metropolitana, comprensiva di cinquantuno comuni, \u00e8 un ruolo che richiede tanto entusiasmo e dedizione nella costruzione del radicamento della Lega sul territorio messinese, che vede gi\u00e0 una bella squadra di donne, giovani e uomini impegnati, motivati e competenti, che si spendono quotidianamente per portare avanti tante battaglie di civilt\u00e0.<\/p>\n\n\n\n<p>\u201cNaturalmente il mio impegno sar\u00e0 massimo e si esplicher\u00e0 non solo all\u2019interno del partito ma, soprattutto, sul territorio al fianco dei cittadini, delle famiglie, dei lavoratori, degli imprenditori e dei professionisti, affinch\u00e9 possano ritrovare quell\u2019ascolto e quella centralit\u00e0 che in politica manca ormai da troppo tempo e che invece, per me, fa la differenza.\u201d<\/p>\n","protected":false},"excerpt":{"rendered":"<p>Il coordinatore provinciale e capogruppo all\u2019Ars della Lega, Antonio Catalfamo, ha nominato Daniela Bruno quale nuovo coordinatore per l\u2019area metropolitana di Messina, comprensiva di cinquantuno comuni. \u201cSono molto felice di nominare Daniela Bruno coordinatrice per l\u2019area metropolitana di Messina &#8211; ha detto Antonio Catalfamo &#8211; donna di destra che tanto si \u00e8 spesa per la [&hellip;]<\/p>\n","protected":false},"author":8,"featured_media":57279,"comment_status":"open","ping_status":"open","sticky":false,"template":"","format":"standard","meta":{"ub_ctt_via":"","_mi_skip_tracking":false},"categories":[4],"tags":[1099,1137,719],"featured_image_src":"https:\/\/www.messinaoggi.it\/website\/wp-content\/uploads\/2021\/03\/daniela-bruno.jpg","author_info":{"display_name":"red..me","author_link":"https:\/\/www.messinaoggi.it\/website\/author\/redstage\/"},"digistream_id":0,"digistream":false,"_links":{"self":[{"href":"https:\/\/www.messinaoggi.it\/website\/wp-json\/wp\/v2\/posts\/57278"}],"collection":[{"href":"https:\/\/www.messinaoggi.it\/website\/wp-json\/wp\/v2\/posts"}],"about":[{"href":"https:\/\/www.messinaoggi.it\/website\/wp-json\/wp\/v2\/types\/post"}],"author":[{"embeddable":true,"href":"https:\/\/www.messinaoggi.it\/website\/wp-json\/wp\/v2\/users\/8"}],"replies":[{"embeddable":true,"href":"https:\/\/www.messinaoggi.it\/website\/wp-json\/wp\/v2\/comments?post=57278"}],"version-history":[{"count":1,"href":"https:\/\/www.messinaoggi.it\/website\/wp-json\/wp\/v2\/posts\/57278\/revisions"}],"predecessor-version":[{"id":57280,"href":"https:\/\/www.messinaoggi.it\/website\/wp-json\/wp\/v2\/posts\/57278\/revisions\/57280"}],"wp:featuredmedia":[{"embeddable":true,"href":"https:\/\/www.messinaoggi.it\/website\/wp-json\/wp\/v2\/media\/57279"}],"wp:attachment":[{"href":"https:\/\/www.messinaoggi.it\/website\/wp-json\/wp\/v2\/media?parent=57278"}],"wp:term":[{"taxonomy":"category","embeddable":true,"href":"https:\/\/www.messinaoggi.it\/website\/wp-json\/wp\/v2\/categories?post=57278"},{"taxonomy":"post_tag","embeddable":true,"href":"https:\/\/www.messinaoggi.it\/website\/wp-json\/wp\/v2\/tags?post=57278"}],"curies":[{"name":"wp","href":"https:\/\/api.w.org\/{rel}","templated":true}]}}