{"id":5719,"date":"2017-07-31T20:47:21","date_gmt":"2017-07-31T18:47:21","guid":{"rendered":"http:\/\/www.messinaoggi.it\/website\/?p=5719"},"modified":"2017-07-31T20:47:21","modified_gmt":"2017-07-31T18:47:21","slug":"cisl-altissimo-rischio-idrogeologico-pensare-subito-alla-prevenzione","status":"publish","type":"post","link":"https:\/\/www.messinaoggi.it\/website\/2017\/07\/31\/cisl-altissimo-rischio-idrogeologico-pensare-subito-alla-prevenzione\/","title":{"rendered":"Cisl: &quot;Altissimo rischio idrogeologico, pensare subito alla prevenzione&quot;"},"content":{"rendered":"<p>&#8220;Passata l&#8217;emergenza non se ne attenda un&#8217;altra&#8221;. Dopo gli incendi che hanno devastato le colline di Messina e messo a serio rischio diverse zona abitate della citt\u00e0, il segretario generale della Cisl Messina, Tonino Genovese, guarda ai prossimi mesi e al rischio idrogeologico che il fuoco pu\u00f2 aver creato per la stabilit\u00e0 della zona collinare.<br \/>\n&#8220;Si lavori gi\u00e0 da adesso alla prevenzione e non si attenda le piogge autunnali che rischiano di creare danni ancora pi\u00f9 gravi&#8221; dice. Secondo Genovese, &#8220;l&#8217;emergenza attuale deve essere quella di monitorare le zone pi\u00f9 a rischio e intervenire per tempo per evitare che si possano verificare smottamenti e frane ai primi temporali. Ogni giorno perso \u00e8 un rischio in pi\u00f9 per la citt\u00e0 e i cittadini dopo la stagione estiva&#8221;.<div id=\"div-gpt-ad-Messinaoggi.it-DSK-300x250-corpoart\" style=\"text-align:center;margin:0 auto;\"><\/div><\/p>\n<div id=\"videoincontent\" style=\"clear:both\";><\/div>","protected":false},"excerpt":{"rendered":"<p>&#8220;Passata l&#8217;emergenza non se ne attenda un&#8217;altra&#8221;. Dopo gli incendi che hanno devastato le colline di Messina e messo a serio rischio diverse zona abitate della citt\u00e0, il segretario generale della Cisl Messina, Tonino Genovese, guarda ai prossimi mesi e al rischio idrogeologico che il fuoco pu\u00f2 aver creato per la stabilit\u00e0 della zona collinare. [&hellip;]<\/p>\n","protected":false},"author":2,"featured_media":4558,"comment_status":"closed","ping_status":"open","sticky":false,"template":"","format":"standard","meta":{"ub_ctt_via":"","_mi_skip_tracking":false},"categories":[5],"tags":[],"featured_image_src":"https:\/\/www.messinaoggi.it\/website\/wp-content\/uploads\/2017\/07\/curcuraci-bruciato-dopo-incendi-messinaoggi-2.jpg","author_info":{"display_name":"Redazione","author_link":"https:\/\/www.messinaoggi.it\/website\/author\/redazione\/"},"digistream_id":0,"digistream":false,"_links":{"self":[{"href":"https:\/\/www.messinaoggi.it\/website\/wp-json\/wp\/v2\/posts\/5719"}],"collection":[{"href":"https:\/\/www.messinaoggi.it\/website\/wp-json\/wp\/v2\/posts"}],"about":[{"href":"https:\/\/www.messinaoggi.it\/website\/wp-json\/wp\/v2\/types\/post"}],"author":[{"embeddable":true,"href":"https:\/\/www.messinaoggi.it\/website\/wp-json\/wp\/v2\/users\/2"}],"replies":[{"embeddable":true,"href":"https:\/\/www.messinaoggi.it\/website\/wp-json\/wp\/v2\/comments?post=5719"}],"version-history":[{"count":0,"href":"https:\/\/www.messinaoggi.it\/website\/wp-json\/wp\/v2\/posts\/5719\/revisions"}],"wp:featuredmedia":[{"embeddable":true,"href":"https:\/\/www.messinaoggi.it\/website\/wp-json\/wp\/v2\/media\/4558"}],"wp:attachment":[{"href":"https:\/\/www.messinaoggi.it\/website\/wp-json\/wp\/v2\/media?parent=5719"}],"wp:term":[{"taxonomy":"category","embeddable":true,"href":"https:\/\/www.messinaoggi.it\/website\/wp-json\/wp\/v2\/categories?post=5719"},{"taxonomy":"post_tag","embeddable":true,"href":"https:\/\/www.messinaoggi.it\/website\/wp-json\/wp\/v2\/tags?post=5719"}],"curies":[{"name":"wp","href":"https:\/\/api.w.org\/{rel}","templated":true}]}}