{"id":57122,"date":"2021-03-26T09:07:35","date_gmt":"2021-03-26T08:07:35","guid":{"rendered":"https:\/\/www.messinaoggi.it\/website\/2021\/03\/26\/zaia-centralizzare-la-campagna-vaccinale-e-medievale\/"},"modified":"2021-03-26T10:17:29","modified_gmt":"2021-03-26T09:17:29","slug":"zaia-centralizzare-la-campagna-vaccinale-e-medievale","status":"publish","type":"post","link":"https:\/\/www.messinaoggi.it\/website\/2021\/03\/26\/zaia-centralizzare-la-campagna-vaccinale-e-medievale\/","title":{"rendered":"Zaia \u201cCentralizzare la campagna vaccinale \u00e8 medievale\u201d"},"content":{"rendered":"<div>ROMA (ITALPRESS) &#8211; &#8220;Il fatto \u00e8 che in questi giorni sentiamo una costellazione di dichiarazioni contro le Regioni. Noi festeggiamo i 1.600 anni di Venezia, il sentir dire che \u00e8 meglio centralizzare&#8230; beh, mi sembra una corrente di pensiero medievale, fuori dalla storia e fuori dalla Costituzione\u00bb. Lo dice il governatore del Veneto Luca Zaia, in un&#8217;intervista al Corriere della Sera, a proposito della campagna vaccinale. Per prima cosa &#8220;bisogna avere i vaccini. In secondo luogo occorre che le Regioni non si trovino sulle montagne russe con ordini e contrordini come invece \u00e8 accaduto, e poi occorre avere il personale che fa le vaccinazioni. Da questo punto di vista, io dico: chi vuole, venga da noi a vedere. Per\u00f2, se sono state cambiate le date di nascita di chi doveva essere vaccinato e poi sono stati aggiunti gli insegnanti, non \u00e8 colpa delle Regioni\u00bb.<br \/>\u00abIn molti &#8211; aggiunge- hanno sottolineato ci\u00f2 che ci ha reso il lavoro di vaccinare pi\u00f9 difficile. Abbiamo dovuto stornare degli anziani, poi dalle scuole&#8230; Se poi c&#8217;\u00e8 qualcuno che si \u00e8 comportato male, nome e cognome: perch\u00e8 si sappia, ma anche perch\u00e8 possa dire la sua\u00bb. \u00abIo &#8211; prosegue Zaia &#8211; ho sempre avuto un rapporto di leale collaborazione con chiunque ci fosse al governo. Per\u00f2, deve essere un accordo tra gentiluomini, certe dichiarazioni di quest&#8217;ultimo periodo non si possono sentire. Peraltro, noi veneti un ritorno al centralismo non lo accetteremmo mai. Se serve, siamo pronti a un altro referendum\u00bb.<br \/>Zaia illustra il suo piano vaccinale: \u00abIl principio \u00e8 semplice: ciascuno sapr\u00e0, sulla base della sua data di nascita, quando potr\u00e0 andare a farsi vaccinare nel luogo pi\u00f9 vicino a casa\u00bb. La sperimentazione parte domenica in provincia di Treviso.<br \/>(ITALPRESS).<\/div>\n<div id=\"div-gpt-ad-Messinaoggi.it-DSK-300x250-corpoart\" style=\"text-align:center;margin:0 auto;\"><\/div><\/p><div id=\"videoincontent\" style=\"clear:both\";><\/div>","protected":false},"excerpt":{"rendered":"<p>ROMA (ITALPRESS) &#8211; &#8220;Il fatto \u00e8 che in questi giorni sentiamo una costellazione di dichiarazioni contro le Regioni. Noi festeggiamo i 1.600 anni di Venezia, il sentir dire che \u00e8 meglio centralizzare&#8230; beh, mi sembra una corrente di pensiero medievale, fuori dalla storia e fuori dalla Costituzione\u00bb. Lo dice il governatore del Veneto Luca Zaia, [&hellip;]<\/p>\n","protected":false},"author":18,"featured_media":57123,"comment_status":"closed","ping_status":"closed","sticky":false,"template":"","format":"standard","meta":{"ub_ctt_via":"","_mi_skip_tracking":false},"categories":[446,4],"tags":[783],"featured_image_src":"https:\/\/www.messinaoggi.it\/website\/wp-content\/uploads\/2021\/03\/20210326_0117.jpg","author_info":{"display_name":"Admin","author_link":"https:\/\/www.messinaoggi.it\/website\/author\/admin\/"},"digistream_id":0,"digistream":false,"_links":{"self":[{"href":"https:\/\/www.messinaoggi.it\/website\/wp-json\/wp\/v2\/posts\/57122"}],"collection":[{"href":"https:\/\/www.messinaoggi.it\/website\/wp-json\/wp\/v2\/posts"}],"about":[{"href":"https:\/\/www.messinaoggi.it\/website\/wp-json\/wp\/v2\/types\/post"}],"author":[{"embeddable":true,"href":"https:\/\/www.messinaoggi.it\/website\/wp-json\/wp\/v2\/users\/18"}],"replies":[{"embeddable":true,"href":"https:\/\/www.messinaoggi.it\/website\/wp-json\/wp\/v2\/comments?post=57122"}],"version-history":[{"count":1,"href":"https:\/\/www.messinaoggi.it\/website\/wp-json\/wp\/v2\/posts\/57122\/revisions"}],"predecessor-version":[{"id":57137,"href":"https:\/\/www.messinaoggi.it\/website\/wp-json\/wp\/v2\/posts\/57122\/revisions\/57137"}],"wp:featuredmedia":[{"embeddable":true,"href":"https:\/\/www.messinaoggi.it\/website\/wp-json\/wp\/v2\/media\/57123"}],"wp:attachment":[{"href":"https:\/\/www.messinaoggi.it\/website\/wp-json\/wp\/v2\/media?parent=57122"}],"wp:term":[{"taxonomy":"category","embeddable":true,"href":"https:\/\/www.messinaoggi.it\/website\/wp-json\/wp\/v2\/categories?post=57122"},{"taxonomy":"post_tag","embeddable":true,"href":"https:\/\/www.messinaoggi.it\/website\/wp-json\/wp\/v2\/tags?post=57122"}],"curies":[{"name":"wp","href":"https:\/\/api.w.org\/{rel}","templated":true}]}}