{"id":56993,"date":"2021-03-25T09:26:11","date_gmt":"2021-03-25T08:26:11","guid":{"rendered":"http:\/\/www.messinaoggi.it\/website\/?p=56993"},"modified":"2021-03-25T09:27:59","modified_gmt":"2021-03-25T08:27:59","slug":"il-commissario-figluolo-domani-in-sicilia","status":"publish","type":"post","link":"https:\/\/www.messinaoggi.it\/website\/2021\/03\/25\/il-commissario-figluolo-domani-in-sicilia\/","title":{"rendered":"Il Commissario Figliuolo domani in Sicilia"},"content":{"rendered":"\n<p>Il Commissario per l&#8217;emergenza Francesco Paolo Figliuolo giunger\u00e0 oggi in Calabria e\u00a0domani sar\u00e0 <strong>Sicilia<\/strong>\u00a0per una visita ai punti vaccinali nelle due regioni e una serie di incontri con le autorit\u00e0 locali. <div id=\"div-gpt-ad-Messinaoggi.it-DSK-300x250-corpoart\" style=\"text-align:center;margin:0 auto;\"><\/div><\/p>\n\n\n\n<p>Figliuolo sar\u00e0 questa mattina a Cosenza e nel pomeriggio a Catanzaro e Taurianova, mentre domani si recher\u00e0 alle 12 a Messina e alle 16 a Catania.\u00a0<div id=\"videoincontent\" style=\"clear:both\";><\/div><\/p>\n","protected":false},"excerpt":{"rendered":"<p>Il Commissario per l&#8217;emergenza Francesco Paolo Figliuolo giunger\u00e0 oggi in Calabria e\u00a0domani sar\u00e0 Sicilia\u00a0per una visita ai punti vaccinali nelle due regioni e una serie di incontri con le autorit\u00e0 locali. Figliuolo sar\u00e0 questa mattina a Cosenza e nel pomeriggio a Catanzaro e Taurianova, mentre domani si recher\u00e0 alle 12 a Messina e alle 16 [&hellip;]<\/p>\n","protected":false},"author":2,"featured_media":55891,"comment_status":"open","ping_status":"open","sticky":false,"template":"","format":"standard","meta":{"ub_ctt_via":"","_mi_skip_tracking":false},"categories":[11],"tags":[1090],"featured_image_src":"https:\/\/www.messinaoggi.it\/website\/wp-content\/uploads\/2021\/03\/hub-vaccini-2.jpg","author_info":{"display_name":"Redazione","author_link":"https:\/\/www.messinaoggi.it\/website\/author\/redazione\/"},"digistream_id":0,"digistream":false,"_links":{"self":[{"href":"https:\/\/www.messinaoggi.it\/website\/wp-json\/wp\/v2\/posts\/56993"}],"collection":[{"href":"https:\/\/www.messinaoggi.it\/website\/wp-json\/wp\/v2\/posts"}],"about":[{"href":"https:\/\/www.messinaoggi.it\/website\/wp-json\/wp\/v2\/types\/post"}],"author":[{"embeddable":true,"href":"https:\/\/www.messinaoggi.it\/website\/wp-json\/wp\/v2\/users\/2"}],"replies":[{"embeddable":true,"href":"https:\/\/www.messinaoggi.it\/website\/wp-json\/wp\/v2\/comments?post=56993"}],"version-history":[{"count":2,"href":"https:\/\/www.messinaoggi.it\/website\/wp-json\/wp\/v2\/posts\/56993\/revisions"}],"predecessor-version":[{"id":56995,"href":"https:\/\/www.messinaoggi.it\/website\/wp-json\/wp\/v2\/posts\/56993\/revisions\/56995"}],"wp:featuredmedia":[{"embeddable":true,"href":"https:\/\/www.messinaoggi.it\/website\/wp-json\/wp\/v2\/media\/55891"}],"wp:attachment":[{"href":"https:\/\/www.messinaoggi.it\/website\/wp-json\/wp\/v2\/media?parent=56993"}],"wp:term":[{"taxonomy":"category","embeddable":true,"href":"https:\/\/www.messinaoggi.it\/website\/wp-json\/wp\/v2\/categories?post=56993"},{"taxonomy":"post_tag","embeddable":true,"href":"https:\/\/www.messinaoggi.it\/website\/wp-json\/wp\/v2\/tags?post=56993"}],"curies":[{"name":"wp","href":"https:\/\/api.w.org\/{rel}","templated":true}]}}