{"id":56972,"date":"2021-03-24T23:34:46","date_gmt":"2021-03-24T22:34:46","guid":{"rendered":"http:\/\/www.messinaoggi.it\/website\/?p=56972"},"modified":"2021-03-24T23:34:47","modified_gmt":"2021-03-24T22:34:47","slug":"karting-michael-paparo-gareggia-a-sarno-per-il-terzo-round-del-super-master-series","status":"publish","type":"post","link":"https:\/\/www.messinaoggi.it\/website\/2021\/03\/24\/karting-michael-paparo-gareggia-a-sarno-per-il-terzo-round-del-super-master-series\/","title":{"rendered":"KARTING &#8211; Michael Paparo gareggia a Sarno per il terzo round del Super Master Series"},"content":{"rendered":"\n<p><div id=\"div-gpt-ad-Messinaoggi.it-DSK-300x250-corpoart\" style=\"text-align:center;margin:0 auto;\"><\/div><\/p>\n\n\n\n<p>Michael Paparo torna nel WSK da domani a Sarno per disputare il terzo round del Super Master Series.<div id=\"videoincontent\" style=\"clear:both\";><\/div><\/p>\n\n\n\n<p>Su questa pista, a dicembre scorso, \u00e8 riuscito a cogliere un bel podio con una bella gara in rimonta. Nei round precedenti, ad Adria e Lecce, \u00a0il giovane siracusano ha potuto raccogliere molti dati per ottimizzare insieme al suo team le prestazioni in vista dei prossimi impegni, riuscendo nel primo appuntamento veneto ad agguantare la Top ten.<\/p>\n\n\n\n<p>A Sarno ci sono tutti i presupposti per far bene, con una pista che si addice alle sue caratteristiche.<\/p>\n\n\n\n<div class=\"wp-block-image\"><figure class=\"aligncenter size-large\"><img loading=\"lazy\" width=\"1024\" height=\"682\" src=\"https:\/\/www.messinaoggi.it\/website\/wp-content\/uploads\/2021\/03\/IMG-20210315-WA0029-1024x682.jpg\" alt=\"\" class=\"wp-image-56973\" srcset=\"https:\/\/www.messinaoggi.it\/website\/wp-content\/uploads\/2021\/03\/IMG-20210315-WA0029-1024x682.jpg 1024w, https:\/\/www.messinaoggi.it\/website\/wp-content\/uploads\/2021\/03\/IMG-20210315-WA0029-300x200.jpg 300w, https:\/\/www.messinaoggi.it\/website\/wp-content\/uploads\/2021\/03\/IMG-20210315-WA0029-768x511.jpg 768w, https:\/\/www.messinaoggi.it\/website\/wp-content\/uploads\/2021\/03\/IMG-20210315-WA0029-1536x1022.jpg 1536w, https:\/\/www.messinaoggi.it\/website\/wp-content\/uploads\/2021\/03\/IMG-20210315-WA0029.jpg 2048w\" sizes=\"(max-width: 1024px) 100vw, 1024px\" \/><figcaption><em><strong>Michael Paparo<\/strong><\/em><\/figcaption><\/figure><\/div>\n\n\n\n<p>\u201c<em>Sono abbastanza ottimista per questa gara <\/em>&#8211; ha commentato Paparo &#8211; <em>avendo in passato ottenuto dei buoni risultati, la pista per\u00f2 \u00e8 stata recentemente rinnovata e queste modifiche rappresentano un&#8217;incognita per tutti. In tal senso saranno importantissime le prove libere che permetteranno a me e a tutti i piloti di imparare le migliori traiettorie sul nuovo layout. Ritengo quindi questo impegno importantissimo dal momento che su questa pista a luglio si disputer\u00e0 la terza prova del Campionato Europeo CIK FIA su cui Io e il team Praga puntiamo in particolar modo nell&#8217;ambito di questa intensa stagione<\/em>\u201d.<\/p>\n\n\n\n<p>Michael Paparo comincer\u00e0 il lungo weekend campano di gara con le prove libere, gioved\u00ec 25 marzo<\/p>\n\n\n\n<p>Venerd\u00ec in mattinata, dopo un turno di allenamento, disputer\u00e0 le qualifiche e la prima delle batterie eliminatorie. La giornata di sabato sar\u00e0 tutta dedicata alle altre manche eliminatorie, domenica 28 marzo la fase clou con pre-finale e finale.<\/p>\n\n\n\n<p><strong>Calendario WSK Super Master Series:<\/strong><\/p>\n\n\n\n<p>1 \u00b0 Round &#8211; 07\/02\/2021 ADRIA<\/p>\n\n\n\n<p>2 \u00b0 Round &#8211; 28\/02\/2021 LONATO<\/p>\n\n\n\n<p>3 \u00b0 Round &#8211; 14\/03\/2021 LA CONCA<\/p>\n\n\n\n<p>4 \u00b0 Round &#8211; 28 \/ 03\/2021 SARNO<\/p>\n","protected":false},"excerpt":{"rendered":"<p>Michael Paparo torna nel WSK da domani a Sarno per disputare il terzo round del Super Master Series. Su questa pista, a dicembre scorso, \u00e8 riuscito a cogliere un bel podio con una bella gara in rimonta. Nei round precedenti, ad Adria e Lecce, \u00a0il giovane siracusano ha potuto raccogliere molti dati per ottimizzare insieme [&hellip;]<\/p>\n","protected":false},"author":17,"featured_media":56974,"comment_status":"open","ping_status":"open","sticky":false,"template":"","format":"standard","meta":{"ub_ctt_via":"","_mi_skip_tracking":false},"categories":[8,9],"tags":[1085],"featured_image_src":"https:\/\/www.messinaoggi.it\/website\/wp-content\/uploads\/2021\/03\/paparo_comunicato_28_febbraio.jpg","author_info":{"display_name":"Giuseppe Luppino","author_link":"https:\/\/www.messinaoggi.it\/website\/author\/g-luppino\/"},"digistream_id":0,"digistream":false,"_links":{"self":[{"href":"https:\/\/www.messinaoggi.it\/website\/wp-json\/wp\/v2\/posts\/56972"}],"collection":[{"href":"https:\/\/www.messinaoggi.it\/website\/wp-json\/wp\/v2\/posts"}],"about":[{"href":"https:\/\/www.messinaoggi.it\/website\/wp-json\/wp\/v2\/types\/post"}],"author":[{"embeddable":true,"href":"https:\/\/www.messinaoggi.it\/website\/wp-json\/wp\/v2\/users\/17"}],"replies":[{"embeddable":true,"href":"https:\/\/www.messinaoggi.it\/website\/wp-json\/wp\/v2\/comments?post=56972"}],"version-history":[{"count":1,"href":"https:\/\/www.messinaoggi.it\/website\/wp-json\/wp\/v2\/posts\/56972\/revisions"}],"predecessor-version":[{"id":56975,"href":"https:\/\/www.messinaoggi.it\/website\/wp-json\/wp\/v2\/posts\/56972\/revisions\/56975"}],"wp:featuredmedia":[{"embeddable":true,"href":"https:\/\/www.messinaoggi.it\/website\/wp-json\/wp\/v2\/media\/56974"}],"wp:attachment":[{"href":"https:\/\/www.messinaoggi.it\/website\/wp-json\/wp\/v2\/media?parent=56972"}],"wp:term":[{"taxonomy":"category","embeddable":true,"href":"https:\/\/www.messinaoggi.it\/website\/wp-json\/wp\/v2\/categories?post=56972"},{"taxonomy":"post_tag","embeddable":true,"href":"https:\/\/www.messinaoggi.it\/website\/wp-json\/wp\/v2\/tags?post=56972"}],"curies":[{"name":"wp","href":"https:\/\/api.w.org\/{rel}","templated":true}]}}