{"id":56785,"date":"2021-03-24T08:30:24","date_gmt":"2021-03-24T07:30:24","guid":{"rendered":"http:\/\/www.messinaoggi.it\/website\/?p=56785"},"modified":"2021-03-23T21:52:11","modified_gmt":"2021-03-23T20:52:11","slug":"lavoro-ct-e-accademia-mediterranea-insieme-per-formare-gli-ufficiali-di-domani","status":"publish","type":"post","link":"https:\/\/www.messinaoggi.it\/website\/2021\/03\/24\/lavoro-ct-e-accademia-mediterranea-insieme-per-formare-gli-ufficiali-di-domani\/","title":{"rendered":"Lavoro, C&amp;T e Accademia Mediterranea insieme per formare gli Ufficiali di domani"},"content":{"rendered":"\n<p>Prosegue l\u2019impegno di Caronte &amp; Tourist nell\u2019aiutare i giovani pi\u00f9 brillanti ad inserirsi nel mondo del lavoro. Tra i pi\u00f9 prestigiosi e attivi partner dell\u2019Accademia Mediterranea della Logistica e della Marina Mercantile (espressione della Fondazione Mobilit\u00e0 Sostenibile di Catania) un posto di rilievo spetta certamente a Caronte &amp; Tourist.<div id=\"div-gpt-ad-Messinaoggi.it-DSK-300x250-corpoart\" style=\"text-align:center;margin:0 auto;\"><\/div><\/p>\n\n\n\n<p>Caronte &amp; Tourist \u00e8 stata infatti tra le prime a investire, intravedendone le potenzialit\u00e0, su un\u2019attivit\u00e0 di formazione specialistica per quei giovani che guardano al mare e alle professioni marittime quale chiave di volta per il loro futuro.<div id=\"videoincontent\" style=\"clear:both\";><\/div><\/p>\n\n\n\n<p>Gi\u00e0 nel 2018 Caronte &amp; Tourist ha firmato con l\u2019Accademia catanese un protocollo che port\u00f2 all\u2019assunzione a tempo indeterminato di una giovane studentessa della sezione Logistica, quale primo step di una collaborazione che certamente produrr\u00e0 frutti sempre pi\u00f9 preziosi.<\/p>\n\n\n\n<p>D\u2019altro canto, presso l\u2019Accademia i numeri e il livello qualitativo della formazione erogata sono andati sempre pi\u00f9 crescendo, come confermato da un trend estremamente positivo: tra il 2017 e il 2018 quindici allievi hanno effettuato imbarchi sulle navi del Gruppo C&amp;T; nove l\u2019anno successivo, dodici tra il 2019 e il 2020, sette nell\u2019anno accademico 2020\/2021.<\/p>\n\n\n\n<p>La figura dell\u2019Ufficiale, oggi pi\u00f9 che mai &#8211; in relazione alle innovazioni tecnologiche, alle normative sempre pi\u00f9 stringenti e all\u2019accresciuta sensibilit\u00e0 ambientale &#8211; ricopre un\u2019importanza strategica per l\u2019intera filiera produttiva e commerciale che il trasporto marittimo sostiene.<\/p>\n\n\n\n<p>Gli aspiranti Ufficiali vengono reclutati attingendo dall\u2019universo della formazione per poi &#8211; grazie ai rapporti di partenariato con il mondo del lavoro &#8211; essere accolti e ulteriormente formati a bordo delle navi, dove maturano il periodo utile all\u2019espletamento del percorso obbligatorio. Qui, si pu\u00f2 ben dire, la teoria diventa pratica.<\/p>\n\n\n\n<p>Dopo un imbarco formativo di 12 mesi, sui 24 complessivi di corso, gli studenti affronteranno l\u2019esame finale da Terzo Ufficiale della Marina Mercantile creando cos\u00ec le premesse giuridiche per l\u2019ingresso nel mondo del lavoro.<\/p>\n\n\n\n<p>Per gli allievi l\u2019Accademia \u00e8 dunque un\u2019occasione pi\u00f9 unica che rara per mettere alla prova il proprio entusiasmo e la propria passione; un\u2019occasione di crescita curriculare e formativa in un contesto di assoluto valore e prestigio.<\/p>\n\n\n\n<p>In quest\u2019ambito, Caronte &amp; Tourist \u00e8 da tempo interlocutore privilegiato nei percorsi di formazione finalizzata all\u2019occupazione che vedono impegnati gli studenti del Politecnico del Mare e i cadetti dell\u2019Its di Catania.<\/p>\n\n\n\n<p>Un partenariato che rappresenta il trait d\u2019union fra un segmento formativo, capace di proiettarsi nel mondo del lavoro per formare professionisti di alto profilo, e un operatore leader nel settore del cabotaggio siciliano e nazionale che da sempre accoglie e valorizza il talento, l\u2019innovazione e il \u201cknow-how\u201d.<\/p>\n\n\n\n<p>\u201cFin dall\u2019avvio della partnership con l\u2019Accademia Mediterranea della Logistica e della Marina Mercantile &#8211; dice la vicepresidente dell\u2019Accademia, professoressa Brigida Morsellino &#8211; il gruppo \u201cCaronte &amp; Tourist\u201d ha rappresentato, e rappresenta anche oggi, una valida opportunit\u00e0 di crescita per tanti giovani che vogliono realizzare a vario titolo il proprio progetto di vita. \u00c8 importante peraltro sottolineare che, anche durante il periodo di pandemia, nonostante il lockdown e i blocchi alla navigazione, la collaborazione non si \u00e8 fermata. Anzi, al contrario, ne \u00e8 uscita rafforzata, grazie alla piena consapevolezza della necessit\u00e0 imprescindibile di formare giovani ufficiali competenti e affidabili. Managers capaci di superare mille difficolt\u00e0 e in grado di realizzare compiutamente competenze specifiche e trasversali, qualit\u00e0 maturate in assetto teorico e lavorativo dentro una prospettiva di formazione permanente\u201d.<\/p>\n\n\n\n<p>\u201cIl rapporto con l\u2019Accademia Mediterranea \u2013 commenta da parte sua Tiziano Minuti, responsabile delle risorse umane e della comunicazione del Gruppo Caronte &amp; Tourist \u2013 \u00e8 solo l\u2019ultima tappa, forse la pi\u00f9 qualificata e qualificante, di un percorso in cui la nostra azienda investe sul futuro attraverso la valorizzazione di eccellenze formative. In un mondo di alta competitivit\u00e0 e concorrenzialit\u00e0 come quello dello shipping, la differenza si giocher\u00e0 soprattutto sulla qualit\u00e0 del servizio, globalmente intesa, e in quest\u2019ambito prevarr\u00e0 chi pi\u00f9 punter\u00e0 su veri e propri professionisti del mare\u201d.<\/p>\n","protected":false},"excerpt":{"rendered":"<p>Prosegue l\u2019impegno di Caronte &amp; Tourist nell\u2019aiutare i giovani pi\u00f9 brillanti ad inserirsi nel mondo del lavoro. Tra i pi\u00f9 prestigiosi e attivi partner dell\u2019Accademia Mediterranea della Logistica e della Marina Mercantile (espressione della Fondazione Mobilit\u00e0 Sostenibile di Catania) un posto di rilievo spetta certamente a Caronte &amp; Tourist. Caronte &amp; Tourist \u00e8 stata infatti [&hellip;]<\/p>\n","protected":false},"author":8,"featured_media":56786,"comment_status":"open","ping_status":"open","sticky":false,"template":"","format":"standard","meta":{"ub_ctt_via":"","_mi_skip_tracking":false},"categories":[5],"tags":[1056,146,1057],"featured_image_src":"https:\/\/www.messinaoggi.it\/website\/wp-content\/uploads\/2021\/03\/caronte-tourist-traghetto.jpg","author_info":{"display_name":"red..me","author_link":"https:\/\/www.messinaoggi.it\/website\/author\/redstage\/"},"digistream_id":0,"digistream":false,"_links":{"self":[{"href":"https:\/\/www.messinaoggi.it\/website\/wp-json\/wp\/v2\/posts\/56785"}],"collection":[{"href":"https:\/\/www.messinaoggi.it\/website\/wp-json\/wp\/v2\/posts"}],"about":[{"href":"https:\/\/www.messinaoggi.it\/website\/wp-json\/wp\/v2\/types\/post"}],"author":[{"embeddable":true,"href":"https:\/\/www.messinaoggi.it\/website\/wp-json\/wp\/v2\/users\/8"}],"replies":[{"embeddable":true,"href":"https:\/\/www.messinaoggi.it\/website\/wp-json\/wp\/v2\/comments?post=56785"}],"version-history":[{"count":1,"href":"https:\/\/www.messinaoggi.it\/website\/wp-json\/wp\/v2\/posts\/56785\/revisions"}],"predecessor-version":[{"id":56788,"href":"https:\/\/www.messinaoggi.it\/website\/wp-json\/wp\/v2\/posts\/56785\/revisions\/56788"}],"wp:featuredmedia":[{"embeddable":true,"href":"https:\/\/www.messinaoggi.it\/website\/wp-json\/wp\/v2\/media\/56786"}],"wp:attachment":[{"href":"https:\/\/www.messinaoggi.it\/website\/wp-json\/wp\/v2\/media?parent=56785"}],"wp:term":[{"taxonomy":"category","embeddable":true,"href":"https:\/\/www.messinaoggi.it\/website\/wp-json\/wp\/v2\/categories?post=56785"},{"taxonomy":"post_tag","embeddable":true,"href":"https:\/\/www.messinaoggi.it\/website\/wp-json\/wp\/v2\/tags?post=56785"}],"curies":[{"name":"wp","href":"https:\/\/api.w.org\/{rel}","templated":true}]}}