{"id":56713,"date":"2021-03-23T16:23:15","date_gmt":"2021-03-23T15:23:15","guid":{"rendered":"http:\/\/www.messinaoggi.it\/website\/?p=56713"},"modified":"2021-03-23T17:51:51","modified_gmt":"2021-03-23T16:51:51","slug":"ex-zaera-scoppia-subito-la-grana-affitti","status":"publish","type":"post","link":"https:\/\/www.messinaoggi.it\/website\/2021\/03\/23\/ex-zaera-scoppia-subito-la-grana-affitti\/","title":{"rendered":"Ex Zaera, scoppia subito la grana affitti"},"content":{"rendered":"\n<p>Oggi il sindaco Cateno De Luca, accompagnato dal suo assessore, Salvatore Mondello, si \u00e8 recato al mercato ex Zaera per la consegna ufficiale dei lavori completati da parte della ditta che si \u00e8 aggiudicata l&#8217;appalto. Posto che il progetto e il relativo reperimento dei fondi \u00e8 dell&#8217;ex amministrazione-Accorinti (questo De Luca non lo dice), e che il nuovo mercato sembra una baraccopoli in lamiera, il primo cittadino ha pronto il salasso per gli operatori commerciali.<div id=\"div-gpt-ad-Messinaoggi.it-DSK-300x250-corpoart\" style=\"text-align:center;margin:0 auto;\"><\/div><\/p>\n\n\n\n<figure class=\"wp-block-image size-large\"><img loading=\"lazy\" width=\"1024\" height=\"768\" src=\"http:\/\/www.messinaoggi.it\/website\/wp-content\/uploads\/2021\/03\/44ED0ED0-8558-42C9-97FF-356670A017E1-1024x768.jpeg\" alt=\"\" class=\"wp-image-56720\" srcset=\"https:\/\/www.messinaoggi.it\/website\/wp-content\/uploads\/2021\/03\/44ED0ED0-8558-42C9-97FF-356670A017E1-1024x768.jpeg 1024w, https:\/\/www.messinaoggi.it\/website\/wp-content\/uploads\/2021\/03\/44ED0ED0-8558-42C9-97FF-356670A017E1-300x225.jpeg 300w, https:\/\/www.messinaoggi.it\/website\/wp-content\/uploads\/2021\/03\/44ED0ED0-8558-42C9-97FF-356670A017E1-768x576.jpeg 768w, https:\/\/www.messinaoggi.it\/website\/wp-content\/uploads\/2021\/03\/44ED0ED0-8558-42C9-97FF-356670A017E1-1536x1152.jpeg 1536w, https:\/\/www.messinaoggi.it\/website\/wp-content\/uploads\/2021\/03\/44ED0ED0-8558-42C9-97FF-356670A017E1.jpeg 1600w\" sizes=\"(max-width: 1024px) 100vw, 1024px\" \/><figcaption><strong>L&#8217;interno del mercati ex Zaera dove le rifiniture lasciano a desiderare<\/strong><\/figcaption><\/figure>\n\n\n\n<p>Gli aggiudicatari degli spazi all&#8217;interno del mercato sono gi\u00e0 sul piede di guerra perch\u00e9 si parla di un incremento del canone d&#8217;affitto che passa da 500 euro a 6mila euro all&#8217;anno. Im buona sostanza, se venisse confermata questa indiscrezione che sta generando malumore fra gli esercenti, l&#8217;incremento degli affitti sarebbe pari al 1.200%.<div id=\"videoincontent\" style=\"clear:both\";><\/div><\/p>\n\n\n\n<p>Un&#8217;autentica follia considerato che l&#8217;affitto di un locale commerciale in zona non si discosterebbe dalla cifra che il Comune di accingerebbe a richiedere. Palazzo Zanca \u00e8 giusto che chieda un affitto superiore rispetto alle 500-700 che pagano gli esercenti negli altri mercati cittadini, ma giungere a 6mila euro per un box al Zaera sarebbe un autentico salasso.<\/p>\n\n\n\n<figure class=\"wp-block-image size-large\"><img loading=\"lazy\" width=\"1024\" height=\"768\" src=\"http:\/\/www.messinaoggi.it\/website\/wp-content\/uploads\/2021\/03\/128C3315-0896-4C45-8F99-CD8FA8C3C687-1024x768.jpeg\" alt=\"\" class=\"wp-image-56716\" srcset=\"https:\/\/www.messinaoggi.it\/website\/wp-content\/uploads\/2021\/03\/128C3315-0896-4C45-8F99-CD8FA8C3C687-1024x768.jpeg 1024w, https:\/\/www.messinaoggi.it\/website\/wp-content\/uploads\/2021\/03\/128C3315-0896-4C45-8F99-CD8FA8C3C687-300x225.jpeg 300w, https:\/\/www.messinaoggi.it\/website\/wp-content\/uploads\/2021\/03\/128C3315-0896-4C45-8F99-CD8FA8C3C687-768x576.jpeg 768w, https:\/\/www.messinaoggi.it\/website\/wp-content\/uploads\/2021\/03\/128C3315-0896-4C45-8F99-CD8FA8C3C687-1536x1152.jpeg 1536w, https:\/\/www.messinaoggi.it\/website\/wp-content\/uploads\/2021\/03\/128C3315-0896-4C45-8F99-CD8FA8C3C687.jpeg 1600w\" sizes=\"(max-width: 1024px) 100vw, 1024px\" \/><figcaption><strong>Il sindaco Cateno De Luca all&#8217;ex Zaera<\/strong><\/figcaption><\/figure>\n\n\n\n<p>Fino ad oggi gli esercenti hanno tenuto il basso profilo, ma \u00e8 annunciata un&#8217;autentica battaglia se il Comune non abbasser\u00e0 le proprie pretese economiche. C&#8217;\u00e8 poi il nodo di alcuni di essi che vantano un pregresso con Palazzo Zanca e questo li metterebbe fuori dai giochi per la stipula del contratto.<\/p>\n","protected":false},"excerpt":{"rendered":"<p>Oggi il sindaco Cateno De Luca, accompagnato dal suo assessore, Salvatore Mondello, si \u00e8 recato al mercato ex Zaera per la consegna ufficiale dei lavori completati da parte della ditta che si \u00e8 aggiudicata l&#8217;appalto. Posto che il progetto e il relativo reperimento dei fondi \u00e8 dell&#8217;ex amministrazione-Accorinti (questo De Luca non lo dice), e [&hellip;]<\/p>\n","protected":false},"author":2,"featured_media":56715,"comment_status":"open","ping_status":"open","sticky":false,"template":"","format":"standard","meta":{"ub_ctt_via":"","_mi_skip_tracking":false},"categories":[6],"tags":[126,1049,1048,981],"featured_image_src":"https:\/\/www.messinaoggi.it\/website\/wp-content\/uploads\/2021\/03\/D8336982-0F3B-4138-88BE-D92D3EFFE34A.jpeg","author_info":{"display_name":"Redazione","author_link":"https:\/\/www.messinaoggi.it\/website\/author\/redazione\/"},"digistream_id":0,"digistream":false,"_links":{"self":[{"href":"https:\/\/www.messinaoggi.it\/website\/wp-json\/wp\/v2\/posts\/56713"}],"collection":[{"href":"https:\/\/www.messinaoggi.it\/website\/wp-json\/wp\/v2\/posts"}],"about":[{"href":"https:\/\/www.messinaoggi.it\/website\/wp-json\/wp\/v2\/types\/post"}],"author":[{"embeddable":true,"href":"https:\/\/www.messinaoggi.it\/website\/wp-json\/wp\/v2\/users\/2"}],"replies":[{"embeddable":true,"href":"https:\/\/www.messinaoggi.it\/website\/wp-json\/wp\/v2\/comments?post=56713"}],"version-history":[{"count":3,"href":"https:\/\/www.messinaoggi.it\/website\/wp-json\/wp\/v2\/posts\/56713\/revisions"}],"predecessor-version":[{"id":56723,"href":"https:\/\/www.messinaoggi.it\/website\/wp-json\/wp\/v2\/posts\/56713\/revisions\/56723"}],"wp:featuredmedia":[{"embeddable":true,"href":"https:\/\/www.messinaoggi.it\/website\/wp-json\/wp\/v2\/media\/56715"}],"wp:attachment":[{"href":"https:\/\/www.messinaoggi.it\/website\/wp-json\/wp\/v2\/media?parent=56713"}],"wp:term":[{"taxonomy":"category","embeddable":true,"href":"https:\/\/www.messinaoggi.it\/website\/wp-json\/wp\/v2\/categories?post=56713"},{"taxonomy":"post_tag","embeddable":true,"href":"https:\/\/www.messinaoggi.it\/website\/wp-json\/wp\/v2\/tags?post=56713"}],"curies":[{"name":"wp","href":"https:\/\/api.w.org\/{rel}","templated":true}]}}