{"id":56691,"date":"2021-03-23T15:42:42","date_gmt":"2021-03-23T14:42:42","guid":{"rendered":"http:\/\/www.messinaoggi.it\/website\/?p=56691"},"modified":"2021-03-23T15:48:35","modified_gmt":"2021-03-23T14:48:35","slug":"milazzo-auto-sbanda-e-si-capovolge-sullasse-viario","status":"publish","type":"post","link":"https:\/\/www.messinaoggi.it\/website\/2021\/03\/23\/milazzo-auto-sbanda-e-si-capovolge-sullasse-viario\/","title":{"rendered":"Milazzo, auto sbanda e si capovolge sull&#8217;asse viario"},"content":{"rendered":"\n<p>I Vigili del fuoco sono intervenuti oggi ialle 13.30, per un incidente stradale autonomo. \u00c8 successo sull&#8217;asse viario di Milazzo.<div id=\"div-gpt-ad-Messinaoggi.it-DSK-300x250-corpoart\" style=\"text-align:center;margin:0 auto;\"><\/div><\/p>\n\n\n\n<p>L&#8217;auto \u00e8 sbandata a causa del manto stradale viscido e si \u00e8 ribaltata. Fortunatamente il conducente \u00e8 rimasto illeso con lievi ferite a braccia e mani.<div id=\"videoincontent\" style=\"clear:both\";><\/div><\/p>\n\n\n\n<p>La squadra, proveniente dal Distaccamento di Milazzo, \u00e8 intervenuta con autopompa serbatoio e pick-up con modulo attrezzato. L&#8217;automobilista \u00e8 stato affidato alle cure del personale sanitario arrivato con ambulanza. Sul posto sono arrivati anche i carabinieri.<\/p>\n","protected":false},"excerpt":{"rendered":"<p>I Vigili del fuoco sono intervenuti oggi ialle 13.30, per un incidente stradale autonomo. \u00c8 successo sull&#8217;asse viario di Milazzo. L&#8217;auto \u00e8 sbandata a causa del manto stradale viscido e si \u00e8 ribaltata. Fortunatamente il conducente \u00e8 rimasto illeso con lievi ferite a braccia e mani. La squadra, proveniente dal Distaccamento di Milazzo, \u00e8 intervenuta [&hellip;]<\/p>\n","protected":false},"author":4,"featured_media":56692,"comment_status":"open","ping_status":"open","sticky":false,"template":"","format":"standard","meta":{"ub_ctt_via":"","_mi_skip_tracking":false},"categories":[13,14],"tags":[],"featured_image_src":"https:\/\/www.messinaoggi.it\/website\/wp-content\/uploads\/2021\/03\/milazzo-incidente-asse-viario.jpg","author_info":{"display_name":"redme","author_link":"https:\/\/www.messinaoggi.it\/website\/author\/redme\/"},"digistream_id":0,"digistream":false,"_links":{"self":[{"href":"https:\/\/www.messinaoggi.it\/website\/wp-json\/wp\/v2\/posts\/56691"}],"collection":[{"href":"https:\/\/www.messinaoggi.it\/website\/wp-json\/wp\/v2\/posts"}],"about":[{"href":"https:\/\/www.messinaoggi.it\/website\/wp-json\/wp\/v2\/types\/post"}],"author":[{"embeddable":true,"href":"https:\/\/www.messinaoggi.it\/website\/wp-json\/wp\/v2\/users\/4"}],"replies":[{"embeddable":true,"href":"https:\/\/www.messinaoggi.it\/website\/wp-json\/wp\/v2\/comments?post=56691"}],"version-history":[{"count":1,"href":"https:\/\/www.messinaoggi.it\/website\/wp-json\/wp\/v2\/posts\/56691\/revisions"}],"predecessor-version":[{"id":56693,"href":"https:\/\/www.messinaoggi.it\/website\/wp-json\/wp\/v2\/posts\/56691\/revisions\/56693"}],"wp:featuredmedia":[{"embeddable":true,"href":"https:\/\/www.messinaoggi.it\/website\/wp-json\/wp\/v2\/media\/56692"}],"wp:attachment":[{"href":"https:\/\/www.messinaoggi.it\/website\/wp-json\/wp\/v2\/media?parent=56691"}],"wp:term":[{"taxonomy":"category","embeddable":true,"href":"https:\/\/www.messinaoggi.it\/website\/wp-json\/wp\/v2\/categories?post=56691"},{"taxonomy":"post_tag","embeddable":true,"href":"https:\/\/www.messinaoggi.it\/website\/wp-json\/wp\/v2\/tags?post=56691"}],"curies":[{"name":"wp","href":"https:\/\/api.w.org\/{rel}","templated":true}]}}