{"id":5659,"date":"2017-07-31T11:01:00","date_gmt":"2017-07-31T09:01:00","guid":{"rendered":"http:\/\/www.messinaoggi.it\/website\/?p=5659"},"modified":"2017-07-31T11:01:00","modified_gmt":"2017-07-31T09:01:00","slug":"precari-asp-calapai-no-a-strumentalizzazioni-politiche","status":"publish","type":"post","link":"https:\/\/www.messinaoggi.it\/website\/2017\/07\/31\/precari-asp-calapai-no-a-strumentalizzazioni-politiche\/","title":{"rendered":"Precari Asp, Calapai: &quot;No a strumentalizzazioni politiche&quot;"},"content":{"rendered":"<p class=\"p1\"><span class=\"s1\">Attraverso una nota indirizzata all\u2019Asp di Messina e per conoscenza all\u2019Assessorato regionale alla Salute pubblica, la Uil-Fpl chiede di estendere a tutti i profili professionali la cosiddetta \u201cproroga finalizzata\u201d.<\/span><div id=\"div-gpt-ad-Messinaoggi.it-DSK-300x250-corpoart\" style=\"text-align:center;margin:0 auto;\"><\/div><\/p>\n<p class=\"p1\"><span class=\"s1\">\u201cLa scrivente organizzazione sindacale \u2013 scrive Pippo Calapai, segretario generale Uil-Fpl Messina \u2013, accoglie favorevolmente la delibera del 18 luglio scorso relativa all\u2019avvio delle procedure di stabilizzazione dei rapporti di lavoro dei precari,\u00a0 in applicazione dell\u2019art. 20 decreto legislativo 25\/05\/2017, per i profili di Collaboratore professionale amministrativo ed avvocato con la cosiddetta \u2018proroga finalizzata\u2019 sino alla conclusione del medesimo procedimento. Considerato che sono numerosi i contratti precari in essere per altri profili professionali, tutti necessari per assicurare l\u2019efficienza e la funzionalit\u00e0 dei servizi, in particolare quelli dedicati alla diagnosi e cura, con operatori in possesso della necessaria professionalit\u00e0 ed esperienza acquisita in costanza di rapporto di lavoro a tempo determinato, e con i requisiti previsti dall\u2019art. 20, commi 1 e 2, gi\u00e0 maturati o comunque da maturare alla scadenza del 31 dicembre 2017, si ritiene, al fine di evitare disparit\u00e0 di trattamento, che anche ai suddetti soggetti venga applicata la normativa di cui sopra e cio\u00e8 la proroga di contratti sino alla definizione dei processi di stabilizzazione\u201d.<\/span><div id=\"videoincontent\" style=\"clear:both\";><\/div><\/p>\n<p class=\"p1\"><span class=\"s1\">Infine, Calapai evidenzia come \u201cLa graduatoria vigente da cui sono scaturiti i contratti in atto non \u00e8 ancora scaduta e la mancata revoca della selezione di collaboratori amministrativi potrebbe prestarsi a strumentalizzazioni in vista delle imminenti elezioni regionali, per l\u2019opzione\u00a0 dell\u2019azienda di formulare le graduatorie non solo per titoli, come abbiamo ripetutamente chiesto nel passato, ma anche con il colloquio.<\/span><\/p>\n<p class=\"p1\"><span class=\"s1\">Per concludere si chiede l\u2019applicazione della legge ordine alla progressione tra le aree riservate al personale di ruolo in possesso dei titoli di studio richiesti\u00a0 per l\u2019accesso dall\u2019esterno ed in misura non superiore al 20% dei\u00a0 posti previsti nel piano di fabbisogno come nuove assunzioni; la copertura dei suddetti posti dovr\u00e0 avvenire con i criteri e le prove previste dallo stesso comma\u201d.<\/span><\/p>\n","protected":false},"excerpt":{"rendered":"<p>Attraverso una nota indirizzata all\u2019Asp di Messina e per conoscenza all\u2019Assessorato regionale alla Salute pubblica, la Uil-Fpl chiede di estendere a tutti i profili professionali la cosiddetta \u201cproroga finalizzata\u201d. \u201cLa scrivente organizzazione sindacale \u2013 scrive Pippo Calapai, segretario generale Uil-Fpl Messina \u2013, accoglie favorevolmente la delibera del 18 luglio scorso relativa all\u2019avvio delle procedure di [&hellip;]<\/p>\n","protected":false},"author":2,"featured_media":1759,"comment_status":"closed","ping_status":"open","sticky":false,"template":"","format":"standard","meta":{"ub_ctt_via":"","_mi_skip_tracking":false},"categories":[5],"tags":[],"featured_image_src":"https:\/\/www.messinaoggi.it\/website\/wp-content\/uploads\/2017\/06\/Celona-Calapai-Macri-Uil-Fpl-2.jpg","author_info":{"display_name":"Redazione","author_link":"https:\/\/www.messinaoggi.it\/website\/author\/redazione\/"},"digistream_id":0,"digistream":false,"_links":{"self":[{"href":"https:\/\/www.messinaoggi.it\/website\/wp-json\/wp\/v2\/posts\/5659"}],"collection":[{"href":"https:\/\/www.messinaoggi.it\/website\/wp-json\/wp\/v2\/posts"}],"about":[{"href":"https:\/\/www.messinaoggi.it\/website\/wp-json\/wp\/v2\/types\/post"}],"author":[{"embeddable":true,"href":"https:\/\/www.messinaoggi.it\/website\/wp-json\/wp\/v2\/users\/2"}],"replies":[{"embeddable":true,"href":"https:\/\/www.messinaoggi.it\/website\/wp-json\/wp\/v2\/comments?post=5659"}],"version-history":[{"count":0,"href":"https:\/\/www.messinaoggi.it\/website\/wp-json\/wp\/v2\/posts\/5659\/revisions"}],"wp:featuredmedia":[{"embeddable":true,"href":"https:\/\/www.messinaoggi.it\/website\/wp-json\/wp\/v2\/media\/1759"}],"wp:attachment":[{"href":"https:\/\/www.messinaoggi.it\/website\/wp-json\/wp\/v2\/media?parent=5659"}],"wp:term":[{"taxonomy":"category","embeddable":true,"href":"https:\/\/www.messinaoggi.it\/website\/wp-json\/wp\/v2\/categories?post=5659"},{"taxonomy":"post_tag","embeddable":true,"href":"https:\/\/www.messinaoggi.it\/website\/wp-json\/wp\/v2\/tags?post=5659"}],"curies":[{"name":"wp","href":"https:\/\/api.w.org\/{rel}","templated":true}]}}