{"id":5647,"date":"2017-07-30T13:10:03","date_gmt":"2017-07-30T11:10:03","guid":{"rendered":"http:\/\/www.messinaoggi.it\/website\/?p=5647"},"modified":"2017-07-30T13:10:03","modified_gmt":"2017-07-30T11:10:03","slug":"in-un-cielo-di-stelle-scadenti-la-presentazione-del-nuovo-romanzo-firmato-dal-giornalista-fabio-bonasera","status":"publish","type":"post","link":"https:\/\/www.messinaoggi.it\/website\/2017\/07\/30\/in-un-cielo-di-stelle-scadenti-la-presentazione-del-nuovo-romanzo-firmato-dal-giornalista-fabio-bonasera\/","title":{"rendered":"In un cielo di stelle scadenti. Presentazione del nuovo romanzo di Bonasera"},"content":{"rendered":"<p style=\"text-align: justify;\">Dopo lo straordinario successo del romanzo Libero, anzi no, disoccupato, il giornalista \u00a0messinese Fabio Bonasera torna alla ribalta con il suo nuovo romanzo dal titolo \u201cIn un cielo di stelle scadenti\u201d, gi\u00e0 protagonista alla rassegna Unconventionally Summer e vincitore nel 2014 del premio speciale Circe. L\u2019opera, pubblicata da Ferrari Editore, sar\u00e0 presentata al pubblico \u00a0\u00a0marted\u00ec, alle ore\u00a0 18.30, nell\u2019incantevole scenario del \u00a0lido Glirrerammare di Messina.<div id=\"div-gpt-ad-Messinaoggi.it-DSK-300x250-corpoart\" style=\"text-align:center;margin:0 auto;\"><\/div><\/p>\n<p style=\"text-align: justify;\">Fabio Bonasera, 46enne giornalista e scrittore messinese, \u00e8 attualmente editorialista de L\u2019Eco del Sud e insegnante di diritto alle scuole superiori. Ha lavorato per diverse testate in Veneto e Lombardia, compreso il quotidiano Il Gazzettino di Venezia, dove per diverso tempo si \u00e8 occupato di cronaca bianca e politica.<div id=\"videoincontent\" style=\"clear:both\";><\/div><\/p>\n<p style=\"text-align: justify;\">L\u2019opera racconta il desiderio di una fuga per trovare se stessi, ma anche la paura di scegliere. Ironico, intimista, esilarante, diretto, a tratti provocatorio, il romanzo interpreta le fragilit\u00e0 e le potenzialit\u00e0, spesso inespresse, che caratterizzano il clima della societ\u00e0 contemporanea. Con una spietata lucidit\u00e0 l\u2019autore mette a nudo stereotipi e contraddizioni per consegnarci una favola moderna che disegna personaggi dai contorni drammaticamente reali ma anche grotteschi, in bilico tra crisi d\u2019identit\u00e0 e voglia di affermazione, regalandoci in tal modo \u00a0\u00a0una romantica dichiarazione d\u2019amore nei confronti di un\u2019umanit\u00e0 immatura e distratta e, \u00a0a tratti immersa\u2026 in un cielo di stelle scadenti.<\/p>\n<p style=\"text-align: justify;\">Converseranno con l\u2019autore Eliana Camaioni e Fabrizio Palmieri. L\u2019evento \u00e8 organizzato dall\u2019associazione culturale Demetra, in collaborazione con Libreria Doralice, Art Star Academy, La setta dei Lettori Estinti, Lido Gli Irrerammare, Town Howse.<\/p>\n<p style=\"text-align: justify;\">Appuntamento da non perdere, dunque, per trascorrere una serata all\u2019insegna della cultura e lasciarsi catturare dalla magia di una\u00a0 nuova grande storia, tutta da leggere e amare.<\/p>\n<p> <\/p>\n","protected":false},"excerpt":{"rendered":"<p>Dopo lo straordinario successo del romanzo Libero, anzi no, disoccupato, il giornalista \u00a0messinese Fabio Bonasera torna alla ribalta con il suo nuovo romanzo dal titolo \u201cIn un cielo di stelle scadenti\u201d, gi\u00e0 protagonista alla rassegna Unconventionally Summer e vincitore nel 2014 del premio speciale Circe. L\u2019opera, pubblicata da Ferrari Editore, sar\u00e0 presentata al pubblico \u00a0\u00a0marted\u00ec, [&hellip;]<\/p>\n","protected":false},"author":5,"featured_media":5648,"comment_status":"closed","ping_status":"open","sticky":false,"template":"","format":"standard","meta":{"ub_ctt_via":"","_mi_skip_tracking":false},"categories":[16],"tags":[],"featured_image_src":"https:\/\/www.messinaoggi.it\/website\/wp-content\/uploads\/2017\/07\/copertina-bonasera1484-2.jpg","author_info":{"display_name":"Maria Antonella Saia","author_link":"https:\/\/www.messinaoggi.it\/website\/author\/m-saia\/"},"digistream_id":0,"digistream":false,"_links":{"self":[{"href":"https:\/\/www.messinaoggi.it\/website\/wp-json\/wp\/v2\/posts\/5647"}],"collection":[{"href":"https:\/\/www.messinaoggi.it\/website\/wp-json\/wp\/v2\/posts"}],"about":[{"href":"https:\/\/www.messinaoggi.it\/website\/wp-json\/wp\/v2\/types\/post"}],"author":[{"embeddable":true,"href":"https:\/\/www.messinaoggi.it\/website\/wp-json\/wp\/v2\/users\/5"}],"replies":[{"embeddable":true,"href":"https:\/\/www.messinaoggi.it\/website\/wp-json\/wp\/v2\/comments?post=5647"}],"version-history":[{"count":0,"href":"https:\/\/www.messinaoggi.it\/website\/wp-json\/wp\/v2\/posts\/5647\/revisions"}],"wp:featuredmedia":[{"embeddable":true,"href":"https:\/\/www.messinaoggi.it\/website\/wp-json\/wp\/v2\/media\/5648"}],"wp:attachment":[{"href":"https:\/\/www.messinaoggi.it\/website\/wp-json\/wp\/v2\/media?parent=5647"}],"wp:term":[{"taxonomy":"category","embeddable":true,"href":"https:\/\/www.messinaoggi.it\/website\/wp-json\/wp\/v2\/categories?post=5647"},{"taxonomy":"post_tag","embeddable":true,"href":"https:\/\/www.messinaoggi.it\/website\/wp-json\/wp\/v2\/tags?post=5647"}],"curies":[{"name":"wp","href":"https:\/\/api.w.org\/{rel}","templated":true}]}}