{"id":56450,"date":"2021-03-22T10:05:41","date_gmt":"2021-03-22T09:05:41","guid":{"rendered":"http:\/\/www.messinaoggi.it\/website\/?p=56450"},"modified":"2021-03-22T10:05:46","modified_gmt":"2021-03-22T09:05:46","slug":"beni-culturali-la-v-scrive-alla-soprintendenza-dobbiamo-valorizzare-il-nostro-patrimonio","status":"publish","type":"post","link":"https:\/\/www.messinaoggi.it\/website\/2021\/03\/22\/beni-culturali-la-v-scrive-alla-soprintendenza-dobbiamo-valorizzare-il-nostro-patrimonio\/","title":{"rendered":"Beni culturali, la V scrive alla Soprintendenza: \u201cDobbiamo valorizzare il nostro patrimonio\u201d"},"content":{"rendered":"\n<p>La V Municipalit\u00e0 scrive alla Soprintendenza ai beni culturali e all&#8217;Amministrazione Comunale per la tutela e la valorizzazione dei tanti siti di interesse storico culturale presenti sullo stesso territorio circoscrizionale. Lo rende noto in una nota il Consigliere della V Circoscrizione Franco Laimo, presidente della III Commissione &#8220;Politiche Culturali&#8221; V Municipalit\u00e0.<div id=\"div-gpt-ad-Messinaoggi.it-DSK-300x250-corpoart\" style=\"text-align:center;margin:0 auto;\"><\/div><\/p>\n\n\n\n<p>\u201cInsieme ai colleghi consiglieri &#8211; scrive Laimo &#8211; abbiamo trattato tali tematiche nei lavori di commissione, stilando un vero e proprio elenco di siti di valenza storico culturale presenti sul nostro territorio, ed all&#8217;unanimit\u00e0 abbiamo convenuto che tali luoghi necessitano di maggiore attenzione, poich\u00e9 possono rappresentare siti di ampia e meritata attrazione turistica con relativa valenza storico-culturale.<div id=\"videoincontent\" style=\"clear:both\";><\/div><\/p>\n\n\n\n<p> \u201cDifatti \u2013 prosegue Laimo &#8211; soltanto all&#8217;interno dei confini del territorio della quinta circoscrizione, che prende nome da \u2018Antonello da Messina\u2019, sono svariati tali luoghi. Bisognerebbe dunque creare rete ed un circuito turistico che faccia conoscere le nostre bellezze, mediante percorsi mirati e curati dagli addetti ai lavori\u201d.<\/p>\n\n\n\n<ul><li>Tomba di Antonello da Messina Villaggio Ritiro &#8211; Monastero di Santa Maria di Ges\u00f9 Superiore;<\/li><li>Antica badia (Badiazza) &#8211; Chiesa di Santa Maria della Valle;<\/li><li>Villa De Gregorio &#8211; Parco Magnolia;<\/li><li>Antico lavatoio Villaggio di Epoca Fascista, Villaggio Matteotti;<\/li><li>Antico Borgo Marinaro Case Basse Paradiso;<\/li><li>Eremo di San Nicola o San Niccol\u00f2, Viale dei Tigli;<\/li><li>Eremo di San Nicandro, San Licandro;<\/li><li>Casa natale di Santa Eustochia, Salita Caprera SS Annunziata;<\/li><li>Antico lavatoio Badiazza;<\/li><li>Palazzo del formento e Chiesa del Ringo, Viale della Libert\u00e0;<\/li><li>Forti Ogliastri e San Jachiddu.<\/li><\/ul>\n\n\n<div class=\"ub_image_slider swiper-container\" id=\"ub_image_slider_1f02adef-ba1e-4197-ba3d-ff6c185a4654\" data-swiper-data='{\"loop\":true,\"pagination\":{\"el\": \".swiper-pagination\" , \"type\": \"bullets\"}\n            ,\"navigation\": {\"nextEl\": \".swiper-button-next\", \"prevEl\": \".swiper-button-prev\"}, \"effect\": \"slide\",\"simulateTouch\":false}'><div class=\"swiper-wrapper\"><figure class=\"swiper-slide\">\n        <img src=\"http:\/\/www.messinaoggi.it\/website\/wp-content\/uploads\/2021\/03\/vill-case-basse-paradiso2.jpeg\" alt=\"\"><figcaption class=\"ub_image_slider_image_caption\"> <\/figcaption><\/figure><figure class=\"swiper-slide\">\n        <img src=\"http:\/\/www.messinaoggi.it\/website\/wp-content\/uploads\/2021\/03\/vill-case-basse-paradiso1.jpeg\" alt=\"\"><figcaption class=\"ub_image_slider_image_caption\"> <\/figcaption><\/figure><figure class=\"swiper-slide\">\n        <img src=\"http:\/\/www.messinaoggi.it\/website\/wp-content\/uploads\/2021\/03\/tomba-di-antonello.jpeg\" alt=\"\"><figcaption class=\"ub_image_slider_image_caption\"> <\/figcaption><\/figure><figure class=\"swiper-slide\">\n        <img src=\"http:\/\/www.messinaoggi.it\/website\/wp-content\/uploads\/2021\/03\/palazzo-del-formento.jpeg\" alt=\"\"><figcaption class=\"ub_image_slider_image_caption\"> <\/figcaption><\/figure><figure class=\"swiper-slide\">\n        <img src=\"http:\/\/www.messinaoggi.it\/website\/wp-content\/uploads\/2021\/03\/lavatoio-matteotti6.jpeg\" alt=\"\"><figcaption class=\"ub_image_slider_image_caption\"> <\/figcaption><\/figure><figure class=\"swiper-slide\">\n        <img src=\"http:\/\/www.messinaoggi.it\/website\/wp-content\/uploads\/2021\/03\/lavatoio-matteotti5.jpeg\" alt=\"\"><figcaption class=\"ub_image_slider_image_caption\"> <\/figcaption><\/figure><figure class=\"swiper-slide\">\n        <img src=\"http:\/\/www.messinaoggi.it\/website\/wp-content\/uploads\/2021\/03\/lavatoio-matteotti4.jpeg\" alt=\"\"><figcaption class=\"ub_image_slider_image_caption\"> <\/figcaption><\/figure><figure class=\"swiper-slide\">\n        <img src=\"http:\/\/www.messinaoggi.it\/website\/wp-content\/uploads\/2021\/03\/lavatoio-matteotti3.jpeg\" alt=\"\"><figcaption class=\"ub_image_slider_image_caption\"> <\/figcaption><\/figure><figure class=\"swiper-slide\">\n        <img src=\"http:\/\/www.messinaoggi.it\/website\/wp-content\/uploads\/2021\/03\/lavatoio-matteotti2.jpeg\" alt=\"\"><figcaption class=\"ub_image_slider_image_caption\"> <\/figcaption><\/figure><figure class=\"swiper-slide\">\n        <img src=\"http:\/\/www.messinaoggi.it\/website\/wp-content\/uploads\/2021\/03\/lavatoio-matteotti1.jpeg\" alt=\"\"><figcaption class=\"ub_image_slider_image_caption\"> <\/figcaption><\/figure><figure class=\"swiper-slide\">\n        <img src=\"http:\/\/www.messinaoggi.it\/website\/wp-content\/uploads\/2021\/03\/lavatoio-badiazza2.jpeg\" alt=\"\"><figcaption class=\"ub_image_slider_image_caption\"> <\/figcaption><\/figure><figure class=\"swiper-slide\">\n        <img src=\"http:\/\/www.messinaoggi.it\/website\/wp-content\/uploads\/2021\/03\/lavatoio-badiazza.jpeg\" alt=\"\"><figcaption class=\"ub_image_slider_image_caption\"> <\/figcaption><\/figure><figure class=\"swiper-slide\">\n        <img src=\"http:\/\/www.messinaoggi.it\/website\/wp-content\/uploads\/2021\/03\/forte-san-jachiddu.jpeg\" alt=\"\"><figcaption class=\"ub_image_slider_image_caption\"> <\/figcaption><\/figure><figure class=\"swiper-slide\">\n        <img src=\"http:\/\/www.messinaoggi.it\/website\/wp-content\/uploads\/2021\/03\/forte-ogliastri.jpeg\" alt=\"\"><figcaption class=\"ub_image_slider_image_caption\"> <\/figcaption><\/figure><figure class=\"swiper-slide\">\n        <img src=\"http:\/\/www.messinaoggi.it\/website\/wp-content\/uploads\/2021\/03\/eremo-san-nicola4.jpeg\" alt=\"\"><figcaption class=\"ub_image_slider_image_caption\"> <\/figcaption><\/figure><figure class=\"swiper-slide\">\n        <img src=\"http:\/\/www.messinaoggi.it\/website\/wp-content\/uploads\/2021\/03\/eremo-san-nicola3.jpeg\" alt=\"\"><figcaption class=\"ub_image_slider_image_caption\"> <\/figcaption><\/figure><figure class=\"swiper-slide\">\n        <img src=\"http:\/\/www.messinaoggi.it\/website\/wp-content\/uploads\/2021\/03\/eremo-san-nicola2.jpeg\" alt=\"\"><figcaption class=\"ub_image_slider_image_caption\"> <\/figcaption><\/figure><figure class=\"swiper-slide\">\n        <img src=\"http:\/\/www.messinaoggi.it\/website\/wp-content\/uploads\/2021\/03\/eremo-san-nicola.jpeg\" alt=\"\"><figcaption class=\"ub_image_slider_image_caption\"> <\/figcaption><\/figure><figure class=\"swiper-slide\">\n        <img src=\"http:\/\/www.messinaoggi.it\/website\/wp-content\/uploads\/2021\/03\/eremo-san-nicandro2.jpeg\" alt=\"\"><figcaption class=\"ub_image_slider_image_caption\"> <\/figcaption><\/figure><figure class=\"swiper-slide\">\n        <img src=\"http:\/\/www.messinaoggi.it\/website\/wp-content\/uploads\/2021\/03\/eremo-san-nicandro.jpeg\" alt=\"\"><figcaption class=\"ub_image_slider_image_caption\"> <\/figcaption><\/figure><figure class=\"swiper-slide\">\n        <img src=\"http:\/\/www.messinaoggi.it\/website\/wp-content\/uploads\/2021\/03\/casa-natale-santa-eustochia.jpeg\" alt=\"\"><figcaption class=\"ub_image_slider_image_caption\"> <\/figcaption><\/figure><figure class=\"swiper-slide\">\n        <img src=\"http:\/\/www.messinaoggi.it\/website\/wp-content\/uploads\/2021\/03\/badiazza.jpeg\" alt=\"\"><figcaption class=\"ub_image_slider_image_caption\"> <\/figcaption><\/figure><figure class=\"swiper-slide\">\n        <img src=\"http:\/\/www.messinaoggi.it\/website\/wp-content\/uploads\/2021\/03\/area-lavatoio-matteotti.jpeg\" alt=\"\"><figcaption class=\"ub_image_slider_image_caption\"> <\/figcaption><\/figure><\/div><div class=\"swiper-pagination\"><\/div>\n        <div class=\"swiper-button-prev\"><\/div> <div class=\"swiper-button-next\"><\/div>\n        <\/div>\n\n\n<p>\u201cL&#8217;art. 117 della Costituzione &#8211; ricorda il Consigliere Laimo &#8211; riconosce alle Regioni competenza legislativa concorrente nelle materie quali il governo del territorio, la valorizzazione dei beni culturali ed ambientali (articolo sostituito dall&#8217;articolo 3 della legge costituzionale del 18 ottobre 2001 n. 3). La citt\u00e0 di Messina dispone di un immenso patrimonio culturale che, tuttavia, non riesce ad esprimere appieno il proprio potenziale storico ma anche economico, ossia la possibilit\u00e0 di concorrere direttamente o indirettamente alla creazione di ricchezza e, pi\u00f9 in generale, al miglioramento delle condizioni di benessere della stessa comunit\u00e0 cittadina.<\/p>\n\n\n\n<p>\u201cMettere in valore il patrimonio culturale della nostra citt\u00e0 costituisce, dunque, una priorit\u00e0 assoluta; un obiettivo dal quale non si pu\u00f2 e non si deve prescindere, ove si voglia rilanciare la nostra economia e riprendere la strada dello sviluppo, recuperando competitivit\u00e0 e prestigio locale, e allo stesso tempo rimettendo in luce ci\u00f2 che il nostro passato storico ci ha lasciato.<\/p>\n\n\n\n<p>La proposta. \u201cL&#8217;idea &#8211; spiega Laimo &#8211; \u00e8 quella di percorrere dei \u2018viaggi\u2019 alla scoperta di ci\u00f2 che di bello ci \u00e8 stato lasciato. Rivalutare e circoscrivere i nostri luoghi storici, effettuare dei tour conoscitivi alla scoperta della conoscenza storica, arricchire con attivit\u00e0 ludico ricreative interne, quali biblioteche, mostre pittoriche e poetiche, riscoprendo la bellezza filosofica, evidenziando la bellezza della dimensione dialogica, ovvero la disponibilit\u00e0 ad ascoltare le ragioni dell&#8217;altro e di avviare con lui un confronto razionalmente fondato, sia anche costitutiva del \u2018far filosofia\u2019, al di l\u00e0 delle diverse accezioni che lo stesso concetto di \u2018filosofia\u2019 ha assunto nel corso dei secoli. Tutto questo dietro, chiaramente, progetti di attivit\u00e0. I benefici sono davvero molteplici e le attivit\u00e0 costruttive, attraverso il valorizzare le nostre strutture storiche, hanno davvero motivo di rendere la nostra citt\u00e0 ancora pi\u00f9 affascinante\u201d.<\/p>\n","protected":false},"excerpt":{"rendered":"<p>La V Municipalit\u00e0 scrive alla Soprintendenza ai beni culturali e all&#8217;Amministrazione Comunale per la tutela e la valorizzazione dei tanti siti di interesse storico culturale presenti sullo stesso territorio circoscrizionale. Lo rende noto in una nota il Consigliere della V Circoscrizione Franco Laimo, presidente della III Commissione &#8220;Politiche Culturali&#8221; V Municipalit\u00e0. \u201cInsieme ai colleghi consiglieri [&hellip;]<\/p>\n","protected":false},"author":8,"featured_media":56452,"comment_status":"open","ping_status":"open","sticky":false,"template":"","format":"standard","meta":{"ub_ctt_via":"","_mi_skip_tracking":false},"categories":[5],"tags":[998,1000],"featured_image_src":"https:\/\/www.messinaoggi.it\/website\/wp-content\/uploads\/2021\/03\/badiazza.jpeg","author_info":{"display_name":"red..me","author_link":"https:\/\/www.messinaoggi.it\/website\/author\/redstage\/"},"digistream_id":0,"digistream":false,"_links":{"self":[{"href":"https:\/\/www.messinaoggi.it\/website\/wp-json\/wp\/v2\/posts\/56450"}],"collection":[{"href":"https:\/\/www.messinaoggi.it\/website\/wp-json\/wp\/v2\/posts"}],"about":[{"href":"https:\/\/www.messinaoggi.it\/website\/wp-json\/wp\/v2\/types\/post"}],"author":[{"embeddable":true,"href":"https:\/\/www.messinaoggi.it\/website\/wp-json\/wp\/v2\/users\/8"}],"replies":[{"embeddable":true,"href":"https:\/\/www.messinaoggi.it\/website\/wp-json\/wp\/v2\/comments?post=56450"}],"version-history":[{"count":1,"href":"https:\/\/www.messinaoggi.it\/website\/wp-json\/wp\/v2\/posts\/56450\/revisions"}],"predecessor-version":[{"id":56474,"href":"https:\/\/www.messinaoggi.it\/website\/wp-json\/wp\/v2\/posts\/56450\/revisions\/56474"}],"wp:featuredmedia":[{"embeddable":true,"href":"https:\/\/www.messinaoggi.it\/website\/wp-json\/wp\/v2\/media\/56452"}],"wp:attachment":[{"href":"https:\/\/www.messinaoggi.it\/website\/wp-json\/wp\/v2\/media?parent=56450"}],"wp:term":[{"taxonomy":"category","embeddable":true,"href":"https:\/\/www.messinaoggi.it\/website\/wp-json\/wp\/v2\/categories?post=56450"},{"taxonomy":"post_tag","embeddable":true,"href":"https:\/\/www.messinaoggi.it\/website\/wp-json\/wp\/v2\/tags?post=56450"}],"curies":[{"name":"wp","href":"https:\/\/api.w.org\/{rel}","templated":true}]}}