{"id":56244,"date":"2021-03-20T14:31:43","date_gmt":"2021-03-20T13:31:43","guid":{"rendered":"http:\/\/www.messinaoggi.it\/website\/?p=56244"},"modified":"2021-03-20T14:31:44","modified_gmt":"2021-03-20T13:31:44","slug":"basket-castanea-nemanja-dosic-completa-il-roster-ed-e-pronto-allesordio","status":"publish","type":"post","link":"https:\/\/www.messinaoggi.it\/website\/2021\/03\/20\/basket-castanea-nemanja-dosic-completa-il-roster-ed-e-pronto-allesordio\/","title":{"rendered":"BASKET &#8211; Castanea: Nemanja Dosic completa il roster ed \u00e8 pronto all&#8217;esordio"},"content":{"rendered":"\n<p>Il Castanea Basket 2010 comunica la definizione del proprio roster col pivot classe 2000 Nemanja Dosic che chiude ufficialmente il mercato in entrata della societ\u00e0 del presidente Sacc\u00e0.<div id=\"div-gpt-ad-Messinaoggi.it-DSK-300x250-corpoart\" style=\"text-align:center;margin:0 auto;\"><\/div><\/p>\n\n\n\n<p>Si tratta di un ragazzo di 207 cm di nazionalit\u00e0 serba, ma di formazione cestistica italiana, che promette di offrire nuove soluzioni tecniche alla formazione gialloviola. <div id=\"videoincontent\" style=\"clear:both\";><\/div><\/p>\n\n\n\n<p>Il suo esordio avviene soltanto alla terza partita di campionato perch\u00e8 nel viaggio di arrivo verso Messina la societ\u00e0 \u00e8 stata informata, dalla compagnia Wizz Air, che sul suo volo una persona\u00a0era risultata positiva al Covid. <\/p>\n\n\n\n<p>Questo ha reso necessario da parte della societ\u00e0 gialloviola la preventiva denuncia dell&#8217;episodio all&#8217;Usca competente in materia, che ha predisposto obbligatoriamente il successivo isolamento del ragazzo rispetto al resto dei componenti della squadra e dello staff tecnico e societario.<\/p>\n\n\n\n<p>Dopo aver osservato per legge i dieci giorni di distanziamento e quarantena ed essersi sottoposto a doppio tampone, il successivo esito negativo ha scongiurato qualsiasi complicazione per cui la sua presenza al PalaRussello avverr\u00e0 regolarmente.<\/p>\n\n\n\n<div class=\"wp-block-image\"><figure class=\"aligncenter size-large\"><img loading=\"lazy\" width=\"720\" height=\"478\" src=\"https:\/\/www.messinaoggi.it\/website\/wp-content\/uploads\/2021\/03\/basketcastanea-1-96.jpg\" alt=\"\" class=\"wp-image-56246\" srcset=\"https:\/\/www.messinaoggi.it\/website\/wp-content\/uploads\/2021\/03\/basketcastanea-1-96.jpg 720w, https:\/\/www.messinaoggi.it\/website\/wp-content\/uploads\/2021\/03\/basketcastanea-1-96-300x199.jpg 300w, https:\/\/www.messinaoggi.it\/website\/wp-content\/uploads\/2021\/03\/basketcastanea-1-96-100x65.jpg 100w\" sizes=\"(max-width: 720px) 100vw, 720px\" \/><figcaption><strong>Nemanja Dosic in azione<\/strong><\/figcaption><\/figure><\/div>\n\n\n\n<p><br>Nato a Vrbas il 29 giugno del 2000, sin da subito mostra il suo grande feeling con la palla a spicchi e inizia il suo percorso cestistico in patria sostenendo corsi prima minibasket e poi giovanili mostrando \u00a0tecnica e talento. <\/p>\n\n\n\n<p>Su consiglio del padre a 14 anni si trasferisce in Italia, in Veneto, per giocare con Bassano del Grappa (serie B) nella stagione 2014\/15. Qui rimane in prova per due settimane e poi decide di ritornare in Serbia. <\/p>\n\n\n\n<p>L\u2019anno successivo, 2015\/16, viene richiamato in Italia per un altro provino\u00a0alla Viola Reggio Calabria, dove lo allena l&#8217;ex Pall. Messina Domenico Bolignano. <\/p>\n\n\n\n<p>Anche questa, volta dopo due\u00a0settimane di prova, Nemanja decide di optare per il ritorno in patria e continuare ad allenarsi sempre con grande determinazione. <\/p>\n\n\n\n<p>Nel campionato 2016\/17 viene ingaggiato dalla societ\u00e0 Virtus Valmontone (serie B) dove rimane in pianta stabile disputando 13 partite condite da 2,5 punti di media. <\/p>\n\n\n\n<p>In estate aveva firmato per la Siaz Piazza Armerina, autentica corazzata del girone che poi ha deciso di non partecipare al torneo.<\/p>\n\n\n\n<p>A febbraio la chiamata al suo procuratore da parte del Castanea e l&#8217;arrivo a Messina. Il derby con la Fortitudo sar\u00e0 la prima occasione per vederlo all&#8217;opera.  <\/p>\n","protected":false},"excerpt":{"rendered":"<p>Il Castanea Basket 2010 comunica la definizione del proprio roster col pivot classe 2000 Nemanja Dosic che chiude ufficialmente il mercato in entrata della societ\u00e0 del presidente Sacc\u00e0. Si tratta di un ragazzo di 207 cm di nazionalit\u00e0 serba, ma di formazione cestistica italiana, che promette di offrire nuove soluzioni tecniche alla formazione gialloviola. Il [&hellip;]<\/p>\n","protected":false},"author":17,"featured_media":56245,"comment_status":"open","ping_status":"open","sticky":false,"template":"","format":"standard","meta":{"ub_ctt_via":"","_mi_skip_tracking":false},"categories":[8,9],"tags":[202],"featured_image_src":"https:\/\/www.messinaoggi.it\/website\/wp-content\/uploads\/2021\/03\/MC_612_2.jpg","author_info":{"display_name":"Giuseppe Luppino","author_link":"https:\/\/www.messinaoggi.it\/website\/author\/g-luppino\/"},"digistream_id":0,"digistream":false,"_links":{"self":[{"href":"https:\/\/www.messinaoggi.it\/website\/wp-json\/wp\/v2\/posts\/56244"}],"collection":[{"href":"https:\/\/www.messinaoggi.it\/website\/wp-json\/wp\/v2\/posts"}],"about":[{"href":"https:\/\/www.messinaoggi.it\/website\/wp-json\/wp\/v2\/types\/post"}],"author":[{"embeddable":true,"href":"https:\/\/www.messinaoggi.it\/website\/wp-json\/wp\/v2\/users\/17"}],"replies":[{"embeddable":true,"href":"https:\/\/www.messinaoggi.it\/website\/wp-json\/wp\/v2\/comments?post=56244"}],"version-history":[{"count":1,"href":"https:\/\/www.messinaoggi.it\/website\/wp-json\/wp\/v2\/posts\/56244\/revisions"}],"predecessor-version":[{"id":56247,"href":"https:\/\/www.messinaoggi.it\/website\/wp-json\/wp\/v2\/posts\/56244\/revisions\/56247"}],"wp:featuredmedia":[{"embeddable":true,"href":"https:\/\/www.messinaoggi.it\/website\/wp-json\/wp\/v2\/media\/56245"}],"wp:attachment":[{"href":"https:\/\/www.messinaoggi.it\/website\/wp-json\/wp\/v2\/media?parent=56244"}],"wp:term":[{"taxonomy":"category","embeddable":true,"href":"https:\/\/www.messinaoggi.it\/website\/wp-json\/wp\/v2\/categories?post=56244"},{"taxonomy":"post_tag","embeddable":true,"href":"https:\/\/www.messinaoggi.it\/website\/wp-json\/wp\/v2\/tags?post=56244"}],"curies":[{"name":"wp","href":"https:\/\/api.w.org\/{rel}","templated":true}]}}