{"id":5621,"date":"2017-07-29T16:35:57","date_gmt":"2017-07-29T14:35:57","guid":{"rendered":"http:\/\/www.messinaoggi.it\/website\/?p=5621"},"modified":"2017-07-29T16:35:57","modified_gmt":"2017-07-29T14:35:57","slug":"agosto-in-messina-excursus-storico-del-ferragosto-al-palacultura","status":"publish","type":"post","link":"https:\/\/www.messinaoggi.it\/website\/2017\/07\/29\/agosto-in-messina-excursus-storico-del-ferragosto-al-palacultura\/","title":{"rendered":"&quot;Agosto in Messina&quot;, excursus storico del Ferragosto al Palacultura"},"content":{"rendered":"<div class=\"comunicato-testo\">\n<div class=\"pf-content\">Il foyer del Palacultura ospiter\u00e0 fino al 4 agosto la mostra bibliografica-documentaria \u201cAgosto in Messina\u201d. L\u2019iniziativa, curata da Giovanni Molonia, propone l\u2019esposizione di materiale presente nei fondi antichi e fotografici della Biblioteca comunale \u201cTommaso Cannizzaro\u201d e dell\u2019Archivio storico \u201cNitto Scaglione\u201d. Attraverso un excursus storico i visitatori potranno ammirare gli sviluppi della tradizione del Ferragosto messinese, a partire dal XVI secolo fino agli Anni \u201950 del XX secolo, con gli elementi peculiari che la caratterizzano, la Vara e i Giganti, insieme ad un ricco cartellone culturale che comprende rassegna cinematografica, teatro, musica e Fiera.<\/div>\n<div><\/div>\n<div class=\"pf-content\">La mostra \u00e8 aperta al pubblico dal luned\u00ec al venerd\u00ec, dalle 9 alle 13, e nelle giornate di marted\u00ec, mercoled\u00ec e gioved\u00ec anche in orario pomeridiano, dalle 15 alle 17.<\/div>\n<\/div>\n<div class=\"pdf-comunicato\"><\/div>\n<div id=\"div-gpt-ad-Messinaoggi.it-DSK-300x250-corpoart\" style=\"text-align:center;margin:0 auto;\"><\/div><\/p><div id=\"videoincontent\" style=\"clear:both\";><\/div>","protected":false},"excerpt":{"rendered":"<p>Il foyer del Palacultura ospiter\u00e0 fino al 4 agosto la mostra bibliografica-documentaria \u201cAgosto in Messina\u201d. L\u2019iniziativa, curata da Giovanni Molonia, propone l\u2019esposizione di materiale presente nei fondi antichi e fotografici della Biblioteca comunale \u201cTommaso Cannizzaro\u201d e dell\u2019Archivio storico \u201cNitto Scaglione\u201d. Attraverso un excursus storico i visitatori potranno ammirare gli sviluppi della tradizione del Ferragosto messinese, [&hellip;]<\/p>\n","protected":false},"author":2,"featured_media":3644,"comment_status":"closed","ping_status":"open","sticky":false,"template":"","format":"standard","meta":{"ub_ctt_via":"","_mi_skip_tracking":false},"categories":[5],"tags":[],"featured_image_src":"https:\/\/www.messinaoggi.it\/website\/wp-content\/uploads\/2017\/06\/mata-e-grifone-giganti-2.jpg","author_info":{"display_name":"Redazione","author_link":"https:\/\/www.messinaoggi.it\/website\/author\/redazione\/"},"digistream_id":0,"digistream":false,"_links":{"self":[{"href":"https:\/\/www.messinaoggi.it\/website\/wp-json\/wp\/v2\/posts\/5621"}],"collection":[{"href":"https:\/\/www.messinaoggi.it\/website\/wp-json\/wp\/v2\/posts"}],"about":[{"href":"https:\/\/www.messinaoggi.it\/website\/wp-json\/wp\/v2\/types\/post"}],"author":[{"embeddable":true,"href":"https:\/\/www.messinaoggi.it\/website\/wp-json\/wp\/v2\/users\/2"}],"replies":[{"embeddable":true,"href":"https:\/\/www.messinaoggi.it\/website\/wp-json\/wp\/v2\/comments?post=5621"}],"version-history":[{"count":0,"href":"https:\/\/www.messinaoggi.it\/website\/wp-json\/wp\/v2\/posts\/5621\/revisions"}],"wp:featuredmedia":[{"embeddable":true,"href":"https:\/\/www.messinaoggi.it\/website\/wp-json\/wp\/v2\/media\/3644"}],"wp:attachment":[{"href":"https:\/\/www.messinaoggi.it\/website\/wp-json\/wp\/v2\/media?parent=5621"}],"wp:term":[{"taxonomy":"category","embeddable":true,"href":"https:\/\/www.messinaoggi.it\/website\/wp-json\/wp\/v2\/categories?post=5621"},{"taxonomy":"post_tag","embeddable":true,"href":"https:\/\/www.messinaoggi.it\/website\/wp-json\/wp\/v2\/tags?post=5621"}],"curies":[{"name":"wp","href":"https:\/\/api.w.org\/{rel}","templated":true}]}}