{"id":5615,"date":"2017-07-29T12:24:50","date_gmt":"2017-07-29T10:24:50","guid":{"rendered":"http:\/\/www.messinaoggi.it\/website\/?p=5615"},"modified":"2017-07-29T12:24:50","modified_gmt":"2017-07-29T10:24:50","slug":"svincolo-di-giostra-lunedi-scatta-lora-x-ma-le-incognite-restano","status":"publish","type":"post","link":"https:\/\/www.messinaoggi.it\/website\/2017\/07\/29\/svincolo-di-giostra-lunedi-scatta-lora-x-ma-le-incognite-restano\/","title":{"rendered":"Svincolo di Giostra: scatta l&#039;ora X, ma le incognite restano"},"content":{"rendered":"<p>Si festeggia un &#8220;miracolo&#8221; lungo vent&#8217;anni, una cerimonia alla quale prenderanno parte il sindaco metropolitano Renato Accorinti, il governatore siciliano Crocetta e l&#8217;assessore regionale alle Infrastrutture, Luigi Bosco.<br \/>\nOggi alle 12 \u00e8 il giorno dello svincolo in uscita di Giostra, un&#8217;opera che la citt\u00e0 attende come una manna dal cielo. Attenzione, sar\u00e0 ancora un&#8217;opera &#8220;monca&#8221;, manca l&#8217;uscita per chi proviene da Palermo, ma sar\u00e0 comunque fondamentale per decongestionare la zona nord della citt\u00e0.\u00a0Vantaggi per l\u2019intera zona centro-nord, soprattutto per i residenti di Giostra alto, dell\u2019Annunziata e della riviera nord.<br \/>\nSarebbe stato un doppio \u201cmiracolo\u201d se fosse stata prevista anche l\u2019apertura del\u00a0viadotto che collega lo svincolo alla galleria San Jachiddu, \u201cbypassando\u201d il viale Giostra e ritrovandosi in un batter d\u2019occhio sul viale Annunziata, ma sarebbe stato chiedere troppo. Ci si accontenta di poco, quel poco atteso quattro lustri. Ecco perch\u00e9 non sar\u00e0 necessario festeggiare, sarebbe stato opportuno un taglio del nastro in sordina, del resto i messinesi non amano cerimonie e cerimoniali, vorrebbero solo un pizzico di normalit\u00e0 che da queste parti \u00e8 quasi eccezionalit\u00e0&#8230;<div id=\"div-gpt-ad-Messinaoggi.it-DSK-300x250-corpoart\" style=\"text-align:center;margin:0 auto;\"><\/div><\/p>\n<div id=\"videoincontent\" style=\"clear:both\";><\/div>","protected":false},"excerpt":{"rendered":"<p>Si festeggia un &#8220;miracolo&#8221; lungo vent&#8217;anni, una cerimonia alla quale prenderanno parte il sindaco metropolitano Renato Accorinti, il governatore siciliano Crocetta e l&#8217;assessore regionale alle Infrastrutture, Luigi Bosco. Oggi alle 12 \u00e8 il giorno dello svincolo in uscita di Giostra, un&#8217;opera che la citt\u00e0 attende come una manna dal cielo. Attenzione, sar\u00e0 ancora un&#8217;opera &#8220;monca&#8221;, [&hellip;]<\/p>\n","protected":false},"author":2,"featured_media":5503,"comment_status":"closed","ping_status":"open","sticky":false,"template":"","format":"standard","meta":{"ub_ctt_via":"","_mi_skip_tracking":false},"categories":[19],"tags":[],"featured_image_src":"https:\/\/www.messinaoggi.it\/website\/wp-content\/uploads\/2017\/07\/svincolo-giostra-2.jpg","author_info":{"display_name":"Redazione","author_link":"https:\/\/www.messinaoggi.it\/website\/author\/redazione\/"},"digistream_id":0,"digistream":false,"_links":{"self":[{"href":"https:\/\/www.messinaoggi.it\/website\/wp-json\/wp\/v2\/posts\/5615"}],"collection":[{"href":"https:\/\/www.messinaoggi.it\/website\/wp-json\/wp\/v2\/posts"}],"about":[{"href":"https:\/\/www.messinaoggi.it\/website\/wp-json\/wp\/v2\/types\/post"}],"author":[{"embeddable":true,"href":"https:\/\/www.messinaoggi.it\/website\/wp-json\/wp\/v2\/users\/2"}],"replies":[{"embeddable":true,"href":"https:\/\/www.messinaoggi.it\/website\/wp-json\/wp\/v2\/comments?post=5615"}],"version-history":[{"count":0,"href":"https:\/\/www.messinaoggi.it\/website\/wp-json\/wp\/v2\/posts\/5615\/revisions"}],"wp:featuredmedia":[{"embeddable":true,"href":"https:\/\/www.messinaoggi.it\/website\/wp-json\/wp\/v2\/media\/5503"}],"wp:attachment":[{"href":"https:\/\/www.messinaoggi.it\/website\/wp-json\/wp\/v2\/media?parent=5615"}],"wp:term":[{"taxonomy":"category","embeddable":true,"href":"https:\/\/www.messinaoggi.it\/website\/wp-json\/wp\/v2\/categories?post=5615"},{"taxonomy":"post_tag","embeddable":true,"href":"https:\/\/www.messinaoggi.it\/website\/wp-json\/wp\/v2\/tags?post=5615"}],"curies":[{"name":"wp","href":"https:\/\/api.w.org\/{rel}","templated":true}]}}