{"id":56149,"date":"2021-03-19T17:52:11","date_gmt":"2021-03-19T16:52:11","guid":{"rendered":"http:\/\/www.messinaoggi.it\/website\/?p=56149"},"modified":"2021-03-19T17:52:12","modified_gmt":"2021-03-19T16:52:12","slug":"messina-gioventu-nazionale-ecco-le-nostre-proposte-per-risolvere-i-problemi-del-territorio","status":"publish","type":"post","link":"https:\/\/www.messinaoggi.it\/website\/2021\/03\/19\/messina-gioventu-nazionale-ecco-le-nostre-proposte-per-risolvere-i-problemi-del-territorio\/","title":{"rendered":"Messina, Giovent\u00f9 Nazionale: &#8220;Ecco le nostre proposte per risolvere i problemi del territorio&#8221;"},"content":{"rendered":"\n<p>La sezione provinciale di Giovent\u00f9 Nazionale, il movimento giovanile di Fratelli d\u2019Italia, ha stilato un elenco &#8211; inviato all\u2019Amministrazione comunale, e in particolare al sindaco metropolitano Cateno De Luca e ai presidenti delle sei Municipalit\u00e0 &#8211; contenente una serie di proposte per risolvere diverse criticit\u00e0 riscontrate nel capoluogo di provincia. <div id=\"div-gpt-ad-Messinaoggi.it-DSK-300x250-corpoart\" style=\"text-align:center;margin:0 auto;\"><\/div><\/p>\n\n\n\n<p>\u201cGiovent\u00f9 Nazionale, unitamente ai referenti delle Municipalit\u00e0 e ai quasi trecento tesserati, chiede la risoluzione di diverse criticit\u00e0 presenti sul territorio del Comune di Messina\u201d, dichiara Andrea Fiore, coordinatore per la provincia di Messina di Giovent\u00f9 Nazionale.<div id=\"videoincontent\" style=\"clear:both\";><\/div><\/p>\n\n\n\n<p>L\u2019elenco pu\u00f2 essere consultato <a href=\"http:\/\/www.messinaoggi.it\/website\/wp-content\/uploads\/2021\/03\/elenco-proposte-gioventu-nazionale.pdf\">cliccando qui<\/a> e, come detto, contiene una serie di proposte per risolvere le criticit\u00e0 rilevate nelle sei Municipalit\u00e0 di Messina: si va dalla valorizzazione e riqualificazione di aree e immobili alla realizzazione e potenziamento dei servizi pubblici, quale quello di trasporto pubblico.<\/p>\n\n\n\n<p>\u201cIl presente documento \u2013 prosegue Fiore \u2013 raccoglie le numerose segnalazioni dei nostri numerosissimi tesserati e dei tanti cittadini che chiedono un intervento risolutivo da parte dell\u2019Amministrazione comunale e delle Amministrazioni municipali, queste ultime per il proprio territorio di competenza. Siamo assolutamente disponibili al dialogo con le suddette Istituzioni e siamo a disposizione per coadiuvare le stesse al fine di risolvere i tanti problemi che, purtroppo, attanagliano il nostro territorio\u201d.<\/p>\n","protected":false},"excerpt":{"rendered":"<p>La sezione provinciale di Giovent\u00f9 Nazionale, il movimento giovanile di Fratelli d\u2019Italia, ha stilato un elenco &#8211; inviato all\u2019Amministrazione comunale, e in particolare al sindaco metropolitano Cateno De Luca e ai presidenti delle sei Municipalit\u00e0 &#8211; contenente una serie di proposte per risolvere diverse criticit\u00e0 riscontrate nel capoluogo di provincia. \u201cGiovent\u00f9 Nazionale, unitamente ai referenti [&hellip;]<\/p>\n","protected":false},"author":8,"featured_media":37104,"comment_status":"open","ping_status":"open","sticky":false,"template":"","format":"standard","meta":{"ub_ctt_via":"","_mi_skip_tracking":false},"categories":[5],"tags":[978,979],"featured_image_src":"https:\/\/www.messinaoggi.it\/website\/wp-content\/uploads\/2019\/09\/rifiuti-Torrente-San-Nicola-Villa-Lina-2.jpg","author_info":{"display_name":"red..me","author_link":"https:\/\/www.messinaoggi.it\/website\/author\/redstage\/"},"digistream_id":0,"digistream":false,"_links":{"self":[{"href":"https:\/\/www.messinaoggi.it\/website\/wp-json\/wp\/v2\/posts\/56149"}],"collection":[{"href":"https:\/\/www.messinaoggi.it\/website\/wp-json\/wp\/v2\/posts"}],"about":[{"href":"https:\/\/www.messinaoggi.it\/website\/wp-json\/wp\/v2\/types\/post"}],"author":[{"embeddable":true,"href":"https:\/\/www.messinaoggi.it\/website\/wp-json\/wp\/v2\/users\/8"}],"replies":[{"embeddable":true,"href":"https:\/\/www.messinaoggi.it\/website\/wp-json\/wp\/v2\/comments?post=56149"}],"version-history":[{"count":1,"href":"https:\/\/www.messinaoggi.it\/website\/wp-json\/wp\/v2\/posts\/56149\/revisions"}],"predecessor-version":[{"id":56151,"href":"https:\/\/www.messinaoggi.it\/website\/wp-json\/wp\/v2\/posts\/56149\/revisions\/56151"}],"wp:featuredmedia":[{"embeddable":true,"href":"https:\/\/www.messinaoggi.it\/website\/wp-json\/wp\/v2\/media\/37104"}],"wp:attachment":[{"href":"https:\/\/www.messinaoggi.it\/website\/wp-json\/wp\/v2\/media?parent=56149"}],"wp:term":[{"taxonomy":"category","embeddable":true,"href":"https:\/\/www.messinaoggi.it\/website\/wp-json\/wp\/v2\/categories?post=56149"},{"taxonomy":"post_tag","embeddable":true,"href":"https:\/\/www.messinaoggi.it\/website\/wp-json\/wp\/v2\/tags?post=56149"}],"curies":[{"name":"wp","href":"https:\/\/api.w.org\/{rel}","templated":true}]}}