{"id":56090,"date":"2021-03-19T10:33:14","date_gmt":"2021-03-19T09:33:14","guid":{"rendered":"http:\/\/www.messinaoggi.it\/website\/?p=56090"},"modified":"2021-03-19T10:34:07","modified_gmt":"2021-03-19T09:34:07","slug":"la-mobilita-per-la-citta-del-futuro-giovedi-la-presentazione-di-messina-2030","status":"publish","type":"post","link":"https:\/\/www.messinaoggi.it\/website\/2021\/03\/19\/la-mobilita-per-la-citta-del-futuro-giovedi-la-presentazione-di-messina-2030\/","title":{"rendered":"La mobilit\u00e0 per la citt\u00e0 del futuro: gioved\u00ec la presentazione di \u201cMessina 2030\u201d"},"content":{"rendered":"\n<p>Al via &#8220;Messina 2030&#8221;, il nuovo piano urbano della mobilit\u00e0 sostenibile con il forum per la partecipazione dei cittadini. Il piano, infatti, verr\u00e0 presentato in modalit\u00e0 online alle 11 e 30 di gioved\u00ec prossimo, 25 marzo.<div id=\"div-gpt-ad-Messinaoggi.it-DSK-300x250-corpoart\" style=\"text-align:center;margin:0 auto;\"><\/div><\/p>\n\n\n\n<p>L\u2019evento, aperto alla stampa e alla cittadinanza, sar\u00e0 l\u2019occasione per presentare l\u2019avvio del percorso di redazione del Piano, del logo e delle diverse attivit\u00e0 di partecipazione e coinvolgimento della cittadinanza. Il giorno dopo, 26 marzo alle ore 17.00, subito al via il primo evento pubblico per la redazione partecipata del nuovo Piano: il \u201cForum per la Mobilit\u00e0 Sostenibile Messina 2030&#8243;, aperto alla cittadinanza.<div id=\"videoincontent\" style=\"clear:both\";><\/div><\/p>\n\n\n\n<p>Il Forum \u00e8 pensato come un laboratorio aperto per costruire in modo interattivo la mobilit\u00e0 per Messina del futuro. Con parole e immagini, sar\u00e0 possibile immaginare insieme i luoghi della citt\u00e0 e della mobilit\u00e0 al 2030: dal centro storico fino ai diversi quartieri, passando per le aree produttive, le scuole, gli spazi pubblici e del trasporto collettivo, della ciclabilit\u00e0 e dei percorsi pedonali.<\/p>\n\n\n\n<p>I partecipanti potranno inoltre individuare gli obiettivi prioritari con cui il Piano dovr\u00e0 confrontarsi nei prossimi mesi, come: il miglioramento del trasporto pubblico, la sostenibilit\u00e0 energetica ed ambientale, la sicurezza stradale e la sostenibilit\u00e0 socioeconomica.<\/p>\n\n\n\n<p>L&#8217;evento \u00e8 aperto a tutti, tramite l\u2019iscrizione a questo link: https:\/\/messina2030-forum-cittadini.eventbrite.it<\/p>\n\n\n\n<p>Oltre a questa iniziativa aperta a tutta la cittadinanza, il giorno precedente \u2013 gioved\u00ec 25 marzo, nel pomeriggio &#8211; il percorso di partecipazione prevede un tavolo tematico su invito rivolto ai rappresentanti istituzionali e agli attori sociali, economici e culturali del Comune e della Citt\u00e0 Metropolitana.<\/p>\n\n\n\n<p>&#8220;Venerd\u00ec 26 prender\u00e0 ufficialmente il via la fase pi\u00f9 importante nel percorso per la redazione del nuovo Pums: la partecipazione e l&#8217;ascolto di cittadini e stakeholders nell&#8217;ambito del processo di progettazione della mobilit\u00e0 della citt\u00e0 del futuro &#8211; ha spiegato l\u2019assessore con delega alla mobilit\u00e0 del comune di Messina Salvatore Mondello; sar\u00e0 possibile partecipare in modo interattivo al Forum su piattaforma digitale Zoom. A partire da alcune suggestioni, tramite attivit\u00e0 guidate, domande e risposte, i cittadini potranno costruire in modo interattivo la mobilit\u00e0 della nostra citt\u00e0 nel 2030. Gioved\u00ec 25 marzo, inoltre, si terr\u00e0, sempre su Zoom, un tavolo tematico con i portatori di interesse del territorio comunale e metropolitano, su invito. L\u2019ascolto dell\u2019opinione, dell\u2019esperienza e dei bisogni di chi svolge un ruolo attivo nel territorio sar\u00e0 infatti cruciale per supportare un efficiente lavoro di costruzione del Piano\u201d<\/p>\n\n\n\n<p>\u201cIl PUMS \u00e8 un piano strategico che nasce per soddisfare i bisogni di mobilit\u00e0 degli individui per migliorare la qualit\u00e0 della vita in citt\u00e0. Prevede un approccio integrato su tutte le forme di trasporto utili alla mobilit\u00e0 urbana, pubbliche e private, passeggeri e merci, motorizzate e non motorizzate, di circolazione e sosta e promuove un\u2019innovazione fondamentale: mette al centro le persone piuttosto che la gestione del traffico automobilistico. Principi guida che rendono, cos\u00ec, i cittadini e il territorio i protagonisti principali della costruzione del piano e della sua attuazione\u201d.<\/p>\n","protected":false},"excerpt":{"rendered":"<p>Al via &#8220;Messina 2030&#8221;, il nuovo piano urbano della mobilit\u00e0 sostenibile con il forum per la partecipazione dei cittadini. Il piano, infatti, verr\u00e0 presentato in modalit\u00e0 online alle 11 e 30 di gioved\u00ec prossimo, 25 marzo. L\u2019evento, aperto alla stampa e alla cittadinanza, sar\u00e0 l\u2019occasione per presentare l\u2019avvio del percorso di redazione del Piano, del [&hellip;]<\/p>\n","protected":false},"author":8,"featured_media":28051,"comment_status":"open","ping_status":"open","sticky":false,"template":"","format":"standard","meta":{"ub_ctt_via":"","_mi_skip_tracking":false},"categories":[5],"tags":[971,972],"featured_image_src":"https:\/\/www.messinaoggi.it\/website\/wp-content\/uploads\/2018\/12\/Messina-vista-dallalto.-Porto-sullo-sfondo.jpg","author_info":{"display_name":"red..me","author_link":"https:\/\/www.messinaoggi.it\/website\/author\/redstage\/"},"digistream_id":0,"digistream":false,"_links":{"self":[{"href":"https:\/\/www.messinaoggi.it\/website\/wp-json\/wp\/v2\/posts\/56090"}],"collection":[{"href":"https:\/\/www.messinaoggi.it\/website\/wp-json\/wp\/v2\/posts"}],"about":[{"href":"https:\/\/www.messinaoggi.it\/website\/wp-json\/wp\/v2\/types\/post"}],"author":[{"embeddable":true,"href":"https:\/\/www.messinaoggi.it\/website\/wp-json\/wp\/v2\/users\/8"}],"replies":[{"embeddable":true,"href":"https:\/\/www.messinaoggi.it\/website\/wp-json\/wp\/v2\/comments?post=56090"}],"version-history":[{"count":2,"href":"https:\/\/www.messinaoggi.it\/website\/wp-json\/wp\/v2\/posts\/56090\/revisions"}],"predecessor-version":[{"id":56093,"href":"https:\/\/www.messinaoggi.it\/website\/wp-json\/wp\/v2\/posts\/56090\/revisions\/56093"}],"wp:featuredmedia":[{"embeddable":true,"href":"https:\/\/www.messinaoggi.it\/website\/wp-json\/wp\/v2\/media\/28051"}],"wp:attachment":[{"href":"https:\/\/www.messinaoggi.it\/website\/wp-json\/wp\/v2\/media?parent=56090"}],"wp:term":[{"taxonomy":"category","embeddable":true,"href":"https:\/\/www.messinaoggi.it\/website\/wp-json\/wp\/v2\/categories?post=56090"},{"taxonomy":"post_tag","embeddable":true,"href":"https:\/\/www.messinaoggi.it\/website\/wp-json\/wp\/v2\/tags?post=56090"}],"curies":[{"name":"wp","href":"https:\/\/api.w.org\/{rel}","templated":true}]}}