{"id":55956,"date":"2021-03-18T15:50:56","date_gmt":"2021-03-18T14:50:56","guid":{"rendered":"http:\/\/www.messinaoggi.it\/website\/?p=55956"},"modified":"2021-03-18T15:51:01","modified_gmt":"2021-03-18T14:51:01","slug":"procura-di-catania-nessun-pericolo-da-astrazeneca","status":"publish","type":"post","link":"https:\/\/www.messinaoggi.it\/website\/2021\/03\/18\/procura-di-catania-nessun-pericolo-da-astrazeneca\/","title":{"rendered":"Procura di Catania: &#8220;Nessun pericolo da AstraZeneca&#8221;"},"content":{"rendered":"\n<p>Alla Procura di Catania \u201cnon constano elementi che consentano di ipotizzare che gli eventi sui quali sta indagando siano sintomatici di un pericolo nell\u2019utilizzo del vaccino d\u00ec AstraZeneca, e neanche di alcuni suoi lotti, da parte della generalit\u00e0 dei soggetti nei cui confronti tale utilizzo \u00e8 consentito\u201d. Lo sostiene in una nota il procuratore Carmelo Zuccaro, sottolineando che \u201cla fermezza di tale convinzione \u00e8 dimostrata dal fatto che lo scrivente e la stragrande maggioranza dei magistrati e del personale di questo ufficio si sono recati a ricevere la somministrazione del vaccino\u201d AstraZeneca quando l\u2019inchiesta era gi\u00e0 aperta\u201d.<div id=\"div-gpt-ad-Messinaoggi.it-DSK-300x250-corpoart\" style=\"text-align:center;margin:0 auto;\"><\/div><\/p>\n\n\n\n<p>Nella nota si legga che \u201cva altres\u00ec premesso che, per quanto concerne il decesso dell\u2019agente di polizia Davide Villa, l\u2019accertamento della causa mortis costituisce oggetto di un procedimento di competenza della Procura di Messina, con la quale sin dall\u2019inizio si \u00e8 stabilito un collegamento investigativo per evitare sovrapposizioni e duplicazioni di attivit\u00e0 e per mettere, invece, a fattor comune, mediante lo scambio delle informazioni, le conoscenze progressivamente emergenti dalle indagini e cos\u00ec avere un pi\u00f9 ampio quadro di riferimento\u201d.<div id=\"videoincontent\" style=\"clear:both\";><\/div><\/p>\n\n\n\n<p>\u201cFatte queste doverose premesse \u2013 prosegue la nota del procuratore Zuccaro \u2013 si rappresenta che i primi accertamenti medici effettuati, seppur parziali rispetto ai quesiti proposti, consentono tuttavia di affermare che, in base alle caratteristiche genetiche riscontrate in relazione ai quesiti proposti, non sussistono fattori genetici predisponenti ad eventi trombotici a carico del Villa, mentre invece dalla storia clinica pregressa dello stesso risulta che questi rientrava nelle categorie per le quali \u00e8 raccomandata la somministrazione di un diverso vaccino\u201d.<\/p>\n\n\n\n<p>\u201cCi\u00f2 tuttavia \u2013 sottolinea il procuratore di Catania \u2013 non comporta di per s\u00e9 l\u2019esistenza di un nesso di causalit\u00e0 tra la somministrazione del vaccino di Astrazeneca e il decesso del Villa, valutazione per la quale sono necessari numerosi altri accertamenti di competenza, come si \u00e8 detto, di altra Procura\u201d.<\/p>\n\n\n\n<p>\u201cAppare ancora importante \u2013 si legge ancora nella nota \u2013 sottolineare il ruolo fondamentale di una corretta comunicazione e informazione preventiva e propedeutica a qualsiasi forma di vaccinazione utile a far maturare nei vaccinanti la consapevolezza dell\u2019importanza di una scrupolosa ricostruzione della propria storia clinica\u201d.<\/p>\n\n\n\n<p>\u201cAltri accertamenti \u2013 conferma il procuratore Zuccaro \u2013 sono in corso da parte di questo Ufficio sulle componenti del lotto del vaccino somministrato al Villa e ad altro paziente attualmente in cura per eventi trombotici al fine di verificare le modalit\u00e0 di conservazione e trasporto del lotto da cui sono stati prelevati i vaccini in questione e se per determinati soggetti con caratteristiche genetiche o con storie cliniche particolari tali componenti possano rappresentare un rischio&#8221;.<\/p>\n","protected":false},"excerpt":{"rendered":"<p>Alla Procura di Catania \u201cnon constano elementi che consentano di ipotizzare che gli eventi sui quali sta indagando siano sintomatici di un pericolo nell\u2019utilizzo del vaccino d\u00ec AstraZeneca, e neanche di alcuni suoi lotti, da parte della generalit\u00e0 dei soggetti nei cui confronti tale utilizzo \u00e8 consentito\u201d. Lo sostiene in una nota il procuratore Carmelo [&hellip;]<\/p>\n","protected":false},"author":4,"featured_media":55380,"comment_status":"open","ping_status":"open","sticky":false,"template":"","format":"standard","meta":{"ub_ctt_via":"","_mi_skip_tracking":false},"categories":[19],"tags":[],"featured_image_src":"https:\/\/www.messinaoggi.it\/website\/wp-content\/uploads\/2021\/03\/1245E2EF-7334-4B25-BE1F-C008B996027F.jpeg","author_info":{"display_name":"redme","author_link":"https:\/\/www.messinaoggi.it\/website\/author\/redme\/"},"digistream_id":0,"digistream":false,"_links":{"self":[{"href":"https:\/\/www.messinaoggi.it\/website\/wp-json\/wp\/v2\/posts\/55956"}],"collection":[{"href":"https:\/\/www.messinaoggi.it\/website\/wp-json\/wp\/v2\/posts"}],"about":[{"href":"https:\/\/www.messinaoggi.it\/website\/wp-json\/wp\/v2\/types\/post"}],"author":[{"embeddable":true,"href":"https:\/\/www.messinaoggi.it\/website\/wp-json\/wp\/v2\/users\/4"}],"replies":[{"embeddable":true,"href":"https:\/\/www.messinaoggi.it\/website\/wp-json\/wp\/v2\/comments?post=55956"}],"version-history":[{"count":1,"href":"https:\/\/www.messinaoggi.it\/website\/wp-json\/wp\/v2\/posts\/55956\/revisions"}],"predecessor-version":[{"id":55958,"href":"https:\/\/www.messinaoggi.it\/website\/wp-json\/wp\/v2\/posts\/55956\/revisions\/55958"}],"wp:featuredmedia":[{"embeddable":true,"href":"https:\/\/www.messinaoggi.it\/website\/wp-json\/wp\/v2\/media\/55380"}],"wp:attachment":[{"href":"https:\/\/www.messinaoggi.it\/website\/wp-json\/wp\/v2\/media?parent=55956"}],"wp:term":[{"taxonomy":"category","embeddable":true,"href":"https:\/\/www.messinaoggi.it\/website\/wp-json\/wp\/v2\/categories?post=55956"},{"taxonomy":"post_tag","embeddable":true,"href":"https:\/\/www.messinaoggi.it\/website\/wp-json\/wp\/v2\/tags?post=55956"}],"curies":[{"name":"wp","href":"https:\/\/api.w.org\/{rel}","templated":true}]}}