{"id":55915,"date":"2021-03-18T10:48:09","date_gmt":"2021-03-18T09:48:09","guid":{"rendered":"http:\/\/www.messinaoggi.it\/website\/?p=55915"},"modified":"2023-12-03T02:28:59","modified_gmt":"2023-12-03T01:28:59","slug":"covid-solo-1-posto-letto-su-6-e-occupato","status":"publish","type":"post","link":"https:\/\/www.messinaoggi.it\/website\/2021\/03\/18\/covid-solo-1-posto-letto-su-6-e-occupato\/","title":{"rendered":"Covid, solo 1 posto letto su 6 \u00e8 occupato"},"content":{"rendered":"\n<p>La saturazione dei posti letto dedicati ai pazienti Covid \u00e8 sotto controllo, tanto i posti destinati per i casi pi\u00f9 lievi, quanto quelli che richiedono il ricovero in terapia intensiva o subintensiva. \u00c8 quanto emerge dall&#8217;analisi dei dati pi\u00f9 recenti, aggiornati a ieri, 17 marzo, relativi al numero dei posti letto Covid occupati a Messina e provincia. In generale, infatti, solo 1 posto su 6 \u00e8 ad oggi occupato.<div id=\"div-gpt-ad-Messinaoggi.it-DSK-300x250-corpoart\" style=\"text-align:center;margin:0 auto;\"><\/div><\/p>\n\n\n\n<p><strong>Area medica. <\/strong>Partendo dai casi pi\u00f9 lievi, su 195 posti totali in Area medica per i malati Covid, soltanto 31 al momento sono occupati, il 16% circa dei posti totali. Pi\u00f9 nel dettaglio, dall&#8217;analisi delle quattro strutture ospedaliere (Papardo, Policlinico e Piemonte a Messina e Cutroni Zodda a Barcellona PG), emerge che quasi nessun ospedale \u00e8 sotto pressione. Infatti, al Papardo, Policlinico e Cutroni Zodda la percentuale dei posti occupati si aggira tra il 12% e il 16%. Situazione leggermente pi\u00f9 critica si registra, invece, al Piemonte, all&#8217;interno del quale 1 posto su 3 (33%) risulta al momento occupato.<div id=\"videoincontent\" style=\"clear:both\";><\/div><\/p>\n\n\n\n<figure class=\"wp-block-image size-large\"><img loading=\"lazy\" width=\"1024\" height=\"615\" src=\"https:\/\/www.messinaoggi.it\/website\/wp-content\/uploads\/2021\/03\/posti-letto-covid-area-medica-1024x615.jpg\" alt=\"\" class=\"wp-image-55916\" srcset=\"https:\/\/www.messinaoggi.it\/website\/wp-content\/uploads\/2021\/03\/posti-letto-covid-area-medica-1024x615.jpg 1024w, https:\/\/www.messinaoggi.it\/website\/wp-content\/uploads\/2021\/03\/posti-letto-covid-area-medica-300x180.jpg 300w, https:\/\/www.messinaoggi.it\/website\/wp-content\/uploads\/2021\/03\/posti-letto-covid-area-medica-768x461.jpg 768w, https:\/\/www.messinaoggi.it\/website\/wp-content\/uploads\/2021\/03\/posti-letto-covid-area-medica-1536x923.jpg 1536w, https:\/\/www.messinaoggi.it\/website\/wp-content\/uploads\/2021\/03\/posti-letto-covid-area-medica.jpg 1653w\" sizes=\"(max-width: 1024px) 100vw, 1024px\" \/><\/figure>\n\n\n\n<p><strong>Terapia intensiva. <\/strong>La percentuale dei posti occupati non \u00e8 cos\u00ec diversa nei reparti di terapia intensiva e subintensiva. Anche in questo caso, infatti, tale percentuale \u00e8 poco superiore al 15%, e in particolare \u00e8 del 17% circa. Nuovamente, volgendo lo sguardo sui singoli ospedali (Papardo, Policlinico e Piemonte), tali percentuali non si discostano di molto da quelle calcolate considerando tutte le strutture ospedaliere, eccezion fatta, ancora una volta, per il Piemonte. Se al Papardo e al Policlinico la percentuale di posti occupati si aggira tra l&#8217;11% e il 17%, nel caso del Piemonte tale percentuale ammonta al 50%, vale a dire un posto in terapia intensiva\/subintensiva su due risulta occupato.<\/p>\n\n\n\n<figure class=\"wp-block-image size-large\"><img loading=\"lazy\" width=\"1024\" height=\"615\" src=\"https:\/\/www.messinaoggi.it\/website\/wp-content\/uploads\/2021\/03\/posti-letto-covid-terapia-intensiva-1024x615.jpg\" alt=\"\" class=\"wp-image-55917\" srcset=\"https:\/\/www.messinaoggi.it\/website\/wp-content\/uploads\/2021\/03\/posti-letto-covid-terapia-intensiva-1024x615.jpg 1024w, https:\/\/www.messinaoggi.it\/website\/wp-content\/uploads\/2021\/03\/posti-letto-covid-terapia-intensiva-300x180.jpg 300w, https:\/\/www.messinaoggi.it\/website\/wp-content\/uploads\/2021\/03\/posti-letto-covid-terapia-intensiva-768x461.jpg 768w, https:\/\/www.messinaoggi.it\/website\/wp-content\/uploads\/2021\/03\/posti-letto-covid-terapia-intensiva-1536x923.jpg 1536w, https:\/\/www.messinaoggi.it\/website\/wp-content\/uploads\/2021\/03\/posti-letto-covid-terapia-intensiva.jpg 1653w\" sizes=\"(max-width: 1024px) 100vw, 1024px\" \/><\/figure>\n\n\n\n<p><strong>Decessi e dimessi. <\/strong>Il numero di decessi nelle ultime 24 ore \u00e8 stato tutto sommato contenuto. Stando ai dati riportati dalle aziende ospedaliere, sono 2 i pazienti deceduti, entrambi al Policlinico. Dello stesso ammontare \u00e8 il numero di dimessi, uno sempre al Policlinico, l&#8217;altro al Piemonte.<\/p>\n","protected":false},"excerpt":{"rendered":"<p>La saturazione dei posti letto dedicati ai pazienti Covid \u00e8 sotto controllo, tanto i posti destinati per i casi pi\u00f9 lievi, quanto quelli che richiedono il ricovero in terapia intensiva o subintensiva. \u00c8 quanto emerge dall&#8217;analisi dei dati pi\u00f9 recenti, aggiornati a ieri, 17 marzo, relativi al numero dei posti letto Covid occupati a Messina [&hellip;]<\/p>\n","protected":false},"author":8,"featured_media":45077,"comment_status":"open","ping_status":"open","sticky":false,"template":"","format":"standard","meta":{"ub_ctt_via":"","_mi_skip_tracking":false},"categories":[221],"tags":[223,227,602,958,959],"featured_image_src":"https:\/\/www.messinaoggi.it\/website\/wp-content\/uploads\/2020\/06\/coronavirus1-3-347x233.jpeg.jpg","author_info":{"display_name":"red..me","author_link":"https:\/\/www.messinaoggi.it\/website\/author\/redstage\/"},"digistream_id":0,"digistream":false,"_links":{"self":[{"href":"https:\/\/www.messinaoggi.it\/website\/wp-json\/wp\/v2\/posts\/55915"}],"collection":[{"href":"https:\/\/www.messinaoggi.it\/website\/wp-json\/wp\/v2\/posts"}],"about":[{"href":"https:\/\/www.messinaoggi.it\/website\/wp-json\/wp\/v2\/types\/post"}],"author":[{"embeddable":true,"href":"https:\/\/www.messinaoggi.it\/website\/wp-json\/wp\/v2\/users\/8"}],"replies":[{"embeddable":true,"href":"https:\/\/www.messinaoggi.it\/website\/wp-json\/wp\/v2\/comments?post=55915"}],"version-history":[{"count":3,"href":"https:\/\/www.messinaoggi.it\/website\/wp-json\/wp\/v2\/posts\/55915\/revisions"}],"predecessor-version":[{"id":179350,"href":"https:\/\/www.messinaoggi.it\/website\/wp-json\/wp\/v2\/posts\/55915\/revisions\/179350"}],"wp:featuredmedia":[{"embeddable":true,"href":"https:\/\/www.messinaoggi.it\/website\/wp-json\/wp\/v2\/media\/45077"}],"wp:attachment":[{"href":"https:\/\/www.messinaoggi.it\/website\/wp-json\/wp\/v2\/media?parent=55915"}],"wp:term":[{"taxonomy":"category","embeddable":true,"href":"https:\/\/www.messinaoggi.it\/website\/wp-json\/wp\/v2\/categories?post=55915"},{"taxonomy":"post_tag","embeddable":true,"href":"https:\/\/www.messinaoggi.it\/website\/wp-json\/wp\/v2\/tags?post=55915"}],"curies":[{"name":"wp","href":"https:\/\/api.w.org\/{rel}","templated":true}]}}