{"id":55797,"date":"2021-03-17T15:03:34","date_gmt":"2021-03-17T14:03:34","guid":{"rendered":"http:\/\/www.messinaoggi.it\/website\/?p=55797"},"modified":"2021-03-17T15:10:24","modified_gmt":"2021-03-17T14:10:24","slug":"derby-di-messina-una-targa-per-mino-licordari","status":"publish","type":"post","link":"https:\/\/www.messinaoggi.it\/website\/2021\/03\/17\/derby-di-messina-una-targa-per-mino-licordari\/","title":{"rendered":"Derby di Messina, una targa per Mino Licordari"},"content":{"rendered":"\n<p>Si terr\u00e0 domenica, presso la sala stampa dello stadio Franco Scoglio di Messina, un evento commemorativo in ricordo del giornalista Mino Licordari durante il quale verr\u00e0 collocata una targa per ricordare la figura e l\u2019impegno del giornalista sportivo. La cerimonia si svolger\u00e0 un\u2019ora prima dell\u2019atteso derby tra Acr Messina e Fc Messina.<div id=\"div-gpt-ad-Messinaoggi.it-DSK-300x250-corpoart\" style=\"text-align:center;margin:0 auto;\"><\/div><\/p>\n\n\n\n<p>Mino Licordari \u00e8 stato pioniere della tv privata messinese ed un punto di riferimento del giornalismo sportivo della citt\u00e0 dello Stretto non solo quale corrispondente delle pi\u00f9 importanti testate sportive nazionali, ma anche attraverso telecronache appassionate e la conduzione per decenni di trasmissioni sportive.<br>L\u2019iniziativa di ricordare l\u2019impegno e la passione che contraddistinse l\u2019attivit\u00e0 di giornalista sportivo di Mino Licordari \u00e8 stata presa come impegno personale il giorno del funerale di Licordari da Anthony Greco che, donando la targa, ha inteso rappresentare la volont\u00e0 non soltanto dei suoi amici e dei colleghi giornalisti, ma dell\u2019intera citt\u00e0, chiedendo ed ottenendo il riscontro dell\u2019Amministrazione Comunale, affinch\u00e9 tale riconoscimento trovasse la collocazione nel luogo deputato al lavoro dei giornalisti: la Sala Stampa dello Stadio.<div id=\"videoincontent\" style=\"clear:both\";><\/div><\/p>\n\n\n\n<p>L\u2019evento, che avverr\u00e0 in occasione del derby tra le due squadre messinesi ricorre \u2013 per una coincidenza straordinaria \u2013 proprio il giorno del quinto anniversario della scomparsa di Mino Licordari.<br>Alla cerimonia prenderanno parte gli assessori allo Sport Francesco Gallo e alla Cultura Enzo Caruso, i presidenti dell\u2019ACR Messina e del FC Messina, i figli di Mino, Manuela, Maurizio e Francesca Licordari ed Anthony Greco.<\/p>\n\n\n\n<p>Per motivi di sicurezza legati all\u2019emergenza Covid, non \u00e8 prevista la presenza di pubblico, ma l\u2019iniziativa sar\u00e0 trasmessa in diretta tv, internet e Facebook.<\/p>\n","protected":false},"excerpt":{"rendered":"<p>Si terr\u00e0 domenica, presso la sala stampa dello stadio Franco Scoglio di Messina, un evento commemorativo in ricordo del giornalista Mino Licordari durante il quale verr\u00e0 collocata una targa per ricordare la figura e l\u2019impegno del giornalista sportivo. La cerimonia si svolger\u00e0 un\u2019ora prima dell\u2019atteso derby tra Acr Messina e Fc Messina. Mino Licordari \u00e8 [&hellip;]<\/p>\n","protected":false},"author":4,"featured_media":55799,"comment_status":"open","ping_status":"open","sticky":false,"template":"","format":"standard","meta":{"ub_ctt_via":"","_mi_skip_tracking":false},"categories":[5],"tags":[],"featured_image_src":"https:\/\/www.messinaoggi.it\/website\/wp-content\/uploads\/2021\/03\/messina-tifosi-stadio-scoglio-san-filippo.jpg","author_info":{"display_name":"redme","author_link":"https:\/\/www.messinaoggi.it\/website\/author\/redme\/"},"digistream_id":0,"digistream":false,"_links":{"self":[{"href":"https:\/\/www.messinaoggi.it\/website\/wp-json\/wp\/v2\/posts\/55797"}],"collection":[{"href":"https:\/\/www.messinaoggi.it\/website\/wp-json\/wp\/v2\/posts"}],"about":[{"href":"https:\/\/www.messinaoggi.it\/website\/wp-json\/wp\/v2\/types\/post"}],"author":[{"embeddable":true,"href":"https:\/\/www.messinaoggi.it\/website\/wp-json\/wp\/v2\/users\/4"}],"replies":[{"embeddable":true,"href":"https:\/\/www.messinaoggi.it\/website\/wp-json\/wp\/v2\/comments?post=55797"}],"version-history":[{"count":1,"href":"https:\/\/www.messinaoggi.it\/website\/wp-json\/wp\/v2\/posts\/55797\/revisions"}],"predecessor-version":[{"id":55800,"href":"https:\/\/www.messinaoggi.it\/website\/wp-json\/wp\/v2\/posts\/55797\/revisions\/55800"}],"wp:featuredmedia":[{"embeddable":true,"href":"https:\/\/www.messinaoggi.it\/website\/wp-json\/wp\/v2\/media\/55799"}],"wp:attachment":[{"href":"https:\/\/www.messinaoggi.it\/website\/wp-json\/wp\/v2\/media?parent=55797"}],"wp:term":[{"taxonomy":"category","embeddable":true,"href":"https:\/\/www.messinaoggi.it\/website\/wp-json\/wp\/v2\/categories?post=55797"},{"taxonomy":"post_tag","embeddable":true,"href":"https:\/\/www.messinaoggi.it\/website\/wp-json\/wp\/v2\/tags?post=55797"}],"curies":[{"name":"wp","href":"https:\/\/api.w.org\/{rel}","templated":true}]}}