{"id":55761,"date":"2021-03-17T10:43:09","date_gmt":"2021-03-17T09:43:09","guid":{"rendered":"http:\/\/www.messinaoggi.it\/website\/?p=55761"},"modified":"2021-03-17T10:54:23","modified_gmt":"2021-03-17T09:54:23","slug":"lirccs-piemonte-diventa-una-riserva-di-caccia-del-policlinico","status":"publish","type":"post","link":"https:\/\/www.messinaoggi.it\/website\/2021\/03\/17\/lirccs-piemonte-diventa-una-riserva-di-caccia-del-policlinico\/","title":{"rendered":"L&#8217;Irccs-Piemonte diventa una &#8220;riserva di caccia&#8221; del Policlinico"},"content":{"rendered":"\n<p>La prima convenzione per l&#8217;affidamento della Direzione universitaria dell&#8217;Unit\u00e0 operativa complessa di Terapia intensiva del Piemonte \u00e8 stata gi\u00e0 sottoscritta dalla parti. Ma si tratterebbe del primo atto, stando a quando scrive il direttore generale dell&#8217;Irccs-Neurolesi, <strong>Vincenzo Barone,<\/strong> in una missiva &#8220;segreta&#8221; spedita al rettore dell&#8217;Universit\u00e0 di Messina, <strong>Salvatore Cuzzocrea<\/strong>.<div id=\"div-gpt-ad-Messinaoggi.it-DSK-300x250-corpoart\" style=\"text-align:center;margin:0 auto;\"><\/div><\/p>\n\n\n\n<p>Si stanno ridisegnando gli assetti della Sanit\u00e0 pubblica cittadina e lo si sta facendo nel segreto delle stanze, con l&#8217;assenso dell&#8217;assessore regionale alla Salute, <strong>Ruggero Razza<\/strong>.<div id=\"videoincontent\" style=\"clear:both\";><\/div><\/p>\n\n\n\n<figure class=\"wp-block-image size-large is-resized\"><img loading=\"lazy\" src=\"http:\/\/www.messinaoggi.it\/website\/wp-content\/uploads\/2020\/05\/salvatore-cuzzocrea.jpg\" alt=\"\" class=\"wp-image-44040\" width=\"577\" height=\"277\"\/><figcaption><strong>Il rettore dell&#8217;Universit\u00e0 di Messina, Salvatore Cuzzocrea<\/strong><\/figcaption><\/figure>\n\n\n\n<p>I sindacati, anzi la Uil-Fpl (l&#8217;unico che abbia preso una posizione ben definita senza traccheggi), sospettano che alla base di questi movimenti ci sia il tesoretto da 91 mln di euro che <strong>Dino Bramanti<\/strong>, il direttore scientifico ormai in uscita, ma con un futuro da &#8220;emerito&#8221; (al punto che si starebbe procedendo all&#8217;allestimento della sua stanza in un padiglione del Piemonte sottratto &#8211; si dice in corsia &#8211; ai reparti della degenza), una somma che stuzzicherebbe i palati sopraffini dell&#8217;Ateneo.<\/p>\n\n\n\n<figure class=\"wp-block-image size-large\"><img loading=\"lazy\" width=\"1024\" height=\"576\" src=\"http:\/\/www.messinaoggi.it\/website\/wp-content\/uploads\/2021\/03\/5312kp06ob8jp01ynx9d874r-1024x576.jpg\" alt=\"\" class=\"wp-image-54936\" srcset=\"https:\/\/www.messinaoggi.it\/website\/wp-content\/uploads\/2021\/03\/5312kp06ob8jp01ynx9d874r-1024x576.jpg 1024w, https:\/\/www.messinaoggi.it\/website\/wp-content\/uploads\/2021\/03\/5312kp06ob8jp01ynx9d874r-300x169.jpg 300w, https:\/\/www.messinaoggi.it\/website\/wp-content\/uploads\/2021\/03\/5312kp06ob8jp01ynx9d874r-768x432.jpg 768w, https:\/\/www.messinaoggi.it\/website\/wp-content\/uploads\/2021\/03\/5312kp06ob8jp01ynx9d874r.jpg 1280w\" sizes=\"(max-width: 1024px) 100vw, 1024px\" \/><figcaption><strong>L&#8217;assessore regionale alla Salute, Ruggero Razza<\/strong><\/figcaption><\/figure>\n\n\n\n<p><strong>Barone<\/strong>, nella sua missiva, ribadisce la necessit\u00e0 della sottoscrizione di un accordo quadro fra le due aziende sanitarie, in un&#8217;ottica che consenta di potenziare l&#8217;attivit\u00e0 di ricerca fra le due strutture sanitarie. Nel progetto di ridisegno degli assetti della Sanit\u00e0 cittadina c&#8217;\u00e8 anche la creazione di un secondo Istituto di ricerca al Policlinico. Anche in questo caso c&#8217;\u00e8 lo &#8220;zampino&#8221; dell&#8217;assessore <strong>Razza<\/strong>, il quale pare abbia una cordiale interlocuzione con il Rettore, Salvatore Cuzzocrea.<\/p>\n\n\n\n<p>Insomma, i &#8220;conti&#8221; se li stanno facendo nelle segrete stanze ma a quanto pare la Uil-Fpl \u00e8 gi\u00e0 salita sull&#8217;Aventino, pronta a fare battaglia se le &#8220;manovre&#8221; non saranno adamantine.<\/p>\n\n\n\n<p><\/p>\n","protected":false},"excerpt":{"rendered":"<p>La prima convenzione per l&#8217;affidamento della Direzione universitaria dell&#8217;Unit\u00e0 operativa complessa di Terapia intensiva del Piemonte \u00e8 stata gi\u00e0 sottoscritta dalla parti. Ma si tratterebbe del primo atto, stando a quando scrive il direttore generale dell&#8217;Irccs-Neurolesi, Vincenzo Barone, in una missiva &#8220;segreta&#8221; spedita al rettore dell&#8217;Universit\u00e0 di Messina, Salvatore Cuzzocrea. Si stanno ridisegnando gli assetti [&hellip;]<\/p>\n","protected":false},"author":2,"featured_media":1875,"comment_status":"open","ping_status":"open","sticky":false,"template":"","format":"standard","meta":{"ub_ctt_via":"","_mi_skip_tracking":false},"categories":[19],"tags":[936,933,934,556,585,935],"featured_image_src":"https:\/\/www.messinaoggi.it\/website\/wp-content\/uploads\/2017\/06\/Ospedale-Piemonte-Irccs-Neurolesi-2.jpg","author_info":{"display_name":"Redazione","author_link":"https:\/\/www.messinaoggi.it\/website\/author\/redazione\/"},"digistream_id":0,"digistream":false,"_links":{"self":[{"href":"https:\/\/www.messinaoggi.it\/website\/wp-json\/wp\/v2\/posts\/55761"}],"collection":[{"href":"https:\/\/www.messinaoggi.it\/website\/wp-json\/wp\/v2\/posts"}],"about":[{"href":"https:\/\/www.messinaoggi.it\/website\/wp-json\/wp\/v2\/types\/post"}],"author":[{"embeddable":true,"href":"https:\/\/www.messinaoggi.it\/website\/wp-json\/wp\/v2\/users\/2"}],"replies":[{"embeddable":true,"href":"https:\/\/www.messinaoggi.it\/website\/wp-json\/wp\/v2\/comments?post=55761"}],"version-history":[{"count":5,"href":"https:\/\/www.messinaoggi.it\/website\/wp-json\/wp\/v2\/posts\/55761\/revisions"}],"predecessor-version":[{"id":55768,"href":"https:\/\/www.messinaoggi.it\/website\/wp-json\/wp\/v2\/posts\/55761\/revisions\/55768"}],"wp:featuredmedia":[{"embeddable":true,"href":"https:\/\/www.messinaoggi.it\/website\/wp-json\/wp\/v2\/media\/1875"}],"wp:attachment":[{"href":"https:\/\/www.messinaoggi.it\/website\/wp-json\/wp\/v2\/media?parent=55761"}],"wp:term":[{"taxonomy":"category","embeddable":true,"href":"https:\/\/www.messinaoggi.it\/website\/wp-json\/wp\/v2\/categories?post=55761"},{"taxonomy":"post_tag","embeddable":true,"href":"https:\/\/www.messinaoggi.it\/website\/wp-json\/wp\/v2\/tags?post=55761"}],"curies":[{"name":"wp","href":"https:\/\/api.w.org\/{rel}","templated":true}]}}