{"id":5571,"date":"2017-07-28T10:13:28","date_gmt":"2017-07-28T08:13:28","guid":{"rendered":"http:\/\/www.messinaoggi.it\/website\/?p=5571"},"modified":"2017-07-28T10:13:28","modified_gmt":"2017-07-28T08:13:28","slug":"niente-convenzione-niente-piscina-di-villa-dante-altra-occasione-persa","status":"publish","type":"post","link":"https:\/\/www.messinaoggi.it\/website\/2017\/07\/28\/niente-convenzione-niente-piscina-di-villa-dante-altra-occasione-persa\/","title":{"rendered":"Niente convenzione, niente piscina di Villa Dante, altra occasione persa"},"content":{"rendered":"<p>La consegna della piscina di Villa Dante, tornata a funzionare appena 10 giorni fa, a 5 anni di distanza dalla chiusura, rischia di tramutarsi nell\u2019ennesima figuraccia per l\u2019Amministrazione comunale. Lo segnala daniele Zuccarello. &#8220;La piscina \u00e8 tornata funzionante una decina di giorni fa, \u00e8 stata messa a regime ed in sicurezza, la vasca \u00e8 stata riempita, ma l\u2019assessore Pino, nonostante gli impegni presi, non ha proseguito l\u2019iter che avrebbe dovuto portare alla convenzione con la Fin, che si era dichiarata disponibile alla gestione anche immediata.<br \/>\nTrascorsi 10 giorni senza che gli uffici del Dipartimento provvedessero ufficialmente a contattare il presidente della Fin Sergio Parisi, i rischi che l\u2019impianto, non potendo essere fruito dai cittadini, diventasse un pericolo per i ragazzi che frequentano la Villa o diventasse oggetto di vandalismi, sono aumentati. Alla fine ai tecnici di Palazzo Zanca, visto il perdurante silenzio dell\u2019assessore, sono stati costretti a spegnere i motori.<br \/>\nLa piscina anche per l\u2019estate 2017 non sar\u00e0 utilizzata e con i motori spenti nelle prossime ore torner\u00e0 ad avere l\u2019aspetto di sempre. Mi chiedo perch\u00e9 Pino abbia annunciato a destra e a manca la riattivazione della piscina se questa si \u00e8 rivelata un\u2019illusione, giusto il tempo di un comunicato stampa e di due fotografie.<br \/>\nLa verit\u00e0 \u00e8 che non c\u2019\u00e8 alcuna convenzione in questo momento con la Fin e pertanto sar\u00e0 difficile che la Federazione decida di prendere in gestione un impianto a settembre, quando la stagione \u00e8 finita. Siamo a fine luglio e l\u2019assessore Pino, ad oggi, 28 luglio, non ha ancora scritto al presidente della Fin per procedere con l\u2019intesa ed anche se lo facesse nelle prossime ore i tempi burocratici comporterebbero altri passaggi.<br \/>\nL\u2019ennesima occasione persa per l\u2019amministrazione. Quello di Pino \u00e8 stato \u201cun sogno di una notte di inizio estate\u2026\u2026.\u201d che per\u00f2 per quanti come me e come il collega Piero Adamo e i consiglieri di circoscrizione, sa tanto di amara beffa&#8221;.<br \/>\n<strong>Vaccarino e Barresi: &#8220;Impianto da sorvegliare&#8221;<\/strong>. Benedetto Vaccarino e Mario Barresi\u00a0chiedono al sindaco di Messina e all\u2019assessore competente, perch\u00e9 ancora la piscina di Villa Dante non sia stata data in gestione alla Federazione italiana nuoto, che attualmente\u00a0 \u00e8 l\u2019unica a poter gestire direttamente la struttura.<br \/>\n&#8220;Dopo la soluzione trovata per la piscina comunale Graziella Campagna, che ha scongiurato di fatto una inevitabile chiusura, non si spiega ancora tale ritardo visto che\u00a0 siamo quasi nel mese di agosto e si potrebbe\u00a0 dare ai messinesi\u00a0 l\u2019opportunit\u00e0 di poterla fruire nei giorni rimanenti di questa estate. In questo momento, la piscina risulta essere piena d\u2019acqua ed \u00e8 abbastanza probabile che qualcuno possa, in barba alle regole, scavalcare la recinzione e pensare di fare un bagno rischiando di procurarsi gravi conseguenze.<br \/>\nNelle more di un&#8217;apertura, che speriamo sia tempestiva, si invitano gli enti competenti\u00a0 ad incrementare la sorveglianza nei pressi dell\u2019impianto&#8221;.<br \/>\n <br \/>\n <br \/>\n <div id=\"div-gpt-ad-Messinaoggi.it-DSK-300x250-corpoart\" style=\"text-align:center;margin:0 auto;\"><\/div><\/p>\n<div id=\"videoincontent\" style=\"clear:both\";><\/div>","protected":false},"excerpt":{"rendered":"<p>La consegna della piscina di Villa Dante, tornata a funzionare appena 10 giorni fa, a 5 anni di distanza dalla chiusura, rischia di tramutarsi nell\u2019ennesima figuraccia per l\u2019Amministrazione comunale. Lo segnala daniele Zuccarello. &#8220;La piscina \u00e8 tornata funzionante una decina di giorni fa, \u00e8 stata messa a regime ed in sicurezza, la vasca \u00e8 stata [&hellip;]<\/p>\n","protected":false},"author":2,"featured_media":5023,"comment_status":"closed","ping_status":"open","sticky":false,"template":"","format":"standard","meta":{"ub_ctt_via":"","_mi_skip_tracking":false},"categories":[4],"tags":[],"featured_image_src":"https:\/\/www.messinaoggi.it\/website\/wp-content\/uploads\/2017\/07\/piscina-villa-dante-519x445-1-2.jpg","author_info":{"display_name":"Redazione","author_link":"https:\/\/www.messinaoggi.it\/website\/author\/redazione\/"},"digistream_id":0,"digistream":false,"_links":{"self":[{"href":"https:\/\/www.messinaoggi.it\/website\/wp-json\/wp\/v2\/posts\/5571"}],"collection":[{"href":"https:\/\/www.messinaoggi.it\/website\/wp-json\/wp\/v2\/posts"}],"about":[{"href":"https:\/\/www.messinaoggi.it\/website\/wp-json\/wp\/v2\/types\/post"}],"author":[{"embeddable":true,"href":"https:\/\/www.messinaoggi.it\/website\/wp-json\/wp\/v2\/users\/2"}],"replies":[{"embeddable":true,"href":"https:\/\/www.messinaoggi.it\/website\/wp-json\/wp\/v2\/comments?post=5571"}],"version-history":[{"count":0,"href":"https:\/\/www.messinaoggi.it\/website\/wp-json\/wp\/v2\/posts\/5571\/revisions"}],"wp:featuredmedia":[{"embeddable":true,"href":"https:\/\/www.messinaoggi.it\/website\/wp-json\/wp\/v2\/media\/5023"}],"wp:attachment":[{"href":"https:\/\/www.messinaoggi.it\/website\/wp-json\/wp\/v2\/media?parent=5571"}],"wp:term":[{"taxonomy":"category","embeddable":true,"href":"https:\/\/www.messinaoggi.it\/website\/wp-json\/wp\/v2\/categories?post=5571"},{"taxonomy":"post_tag","embeddable":true,"href":"https:\/\/www.messinaoggi.it\/website\/wp-json\/wp\/v2\/tags?post=5571"}],"curies":[{"name":"wp","href":"https:\/\/api.w.org\/{rel}","templated":true}]}}