{"id":55615,"date":"2021-03-16T09:26:39","date_gmt":"2021-03-16T08:26:39","guid":{"rendered":"http:\/\/www.messinaoggi.it\/website\/?p=55615"},"modified":"2021-03-16T09:29:48","modified_gmt":"2021-03-16T08:29:48","slug":"recovery-fund-de-luca-ai-deputati-del-sud-se-amate-la-vostra-terra-non-votatelo","status":"publish","type":"post","link":"https:\/\/www.messinaoggi.it\/website\/2021\/03\/16\/recovery-fund-de-luca-ai-deputati-del-sud-se-amate-la-vostra-terra-non-votatelo\/","title":{"rendered":"Recovery Fund, De Luca ai deputati del Sud: &#8220;Se amate la vostra terra, non votatelo&#8221;"},"content":{"rendered":"\n<p>De Luca punta nuovamente la luce dei riflettori sul cosiddetto Recovery Fund, noto anche come Next Generation EU, il piano per la ripresa dell\u2019Europa, e dunque anche dell\u2019Italia, dalla crisi economica e sociale causata dalla pandemia da coronavirus. In breve, lo scorso febbraio il primo cittadino aveva diffidato i governi nazionale e regionale, sostenendo che il piano formulato in Italia, noto come Piano nazionale di ripresa e resilienza (Pnrr), sarebbe stato formulato in contrasto alle norme europee, svantaggiando il Mezzogiorno.<div id=\"div-gpt-ad-Messinaoggi.it-DSK-300x250-corpoart\" style=\"text-align:center;margin:0 auto;\"><\/div><\/p>\n\n\n\n<p>Pi\u00f9 nel dettaglio, stando a quanto reso noto dal primo cittadino, il Consiglio dei Ministri, presieduto dall\u2019allora premier Giuseppe Conte, avrebbe utilizzato quale parametro per la ripartizione delle risorse solo la popolazione delle regioni (pi\u00f9 bassa nelle regioni del Sud) e non tutti i parametri utilizzati dall\u2019UE conformemente alle disposizioni in materia di finanziamenti europei che tengono conto, oltre che della popolazione, del PIL Procapite e del tasso medio di disoccupazione (rispettivamente, pi\u00f9 basso e pi\u00f9 alto nelle regioni del Mezzogiorno). \u201cSecondo la corretta applicazione di questi ultimi parametri, \u2013 spieg\u00f2 all\u2019epoca De Luca \u2013 la percentuale corretta delle risorse da assegnare al Sud [non \u00e8 del 34% (pari a 71,6 miliardi di euro, ma] \u00e8 del 75% (pari a 156,75 mld) per le regioni del Sud\u201d.<div id=\"videoincontent\" style=\"clear:both\";><\/div><\/p>\n\n\n\n<figure class=\"wp-block-embed-wordpress wp-block-embed is-type-wp-embed is-provider-messina-oggi\"><div class=\"wp-block-embed__wrapper\">\n<blockquote class=\"wp-embedded-content\" data-secret=\"U3kgPXZiPI\"><a href=\"https:\/\/www.messinaoggi.it\/website\/2021\/02\/02\/recovery-fund-de-luca-diffida-governo-nazionale-e-regionale-fondi-ripartiti-svantaggiando-il-sud\/\">Recovery Fund, De Luca diffida governo nazionale e regionale: &quot;Fondi ripartiti svantaggiando il Sud&quot;<\/a><\/blockquote><iframe class=\"wp-embedded-content\" sandbox=\"allow-scripts\" security=\"restricted\" style=\"position: absolute; clip: rect(1px, 1px, 1px, 1px);\" title=\"&#8220;Recovery Fund, De Luca diffida governo nazionale e regionale: &quot;Fondi ripartiti svantaggiando il Sud&quot;&#8221; &#8212; Messina Oggi\" src=\"https:\/\/www.messinaoggi.it\/website\/2021\/02\/02\/recovery-fund-de-luca-diffida-governo-nazionale-e-regionale-fondi-ripartiti-svantaggiando-il-sud\/embed\/#?secret=U3kgPXZiPI\" data-secret=\"U3kgPXZiPI\" width=\"500\" height=\"282\" frameborder=\"0\" marginwidth=\"0\" marginheight=\"0\" scrolling=\"no\"><\/iframe>\n<\/div><\/figure>\n\n\n\n<p>\u201cMi auguro che il Presidente Draghi non continui a fare il Conte!\u201d, si legge in un post di De Luca, nel quale ha lanciato un appello ai deputati nazionali eletti nel Meridione: \u201cSe amate la vostra terra non votate un recovery plan che istituzionalizzer\u00e0 l\u2019ulteriore ruberia del SUD!\u201d, si continua a leggere nel post.<\/p>\n\n\n\n<p>\u201cIn questi giorni il governo sta procedendo ad una revisione e aggiornamento del Pnrr. \u2013 prosegue De Luca &#8211; Il tema da me sollevato al Governo \u00e8 la differenza nella capacit\u00e0 di ripresa: le regioni del Sud hanno una capacit\u00e0 di ripresa e recupero diversa dal centro-nord: una serie di indicatori di \u201creazione\u201d alla crisi ci suggeriscono che la resilienza \u00e8 maggiore al Centro-Nord rispetto al Sud Italia. Basti pensare che, secondo il Focus Ripresa effettuato dalla Luiss nel 2020, la percentuale di imprese che ha ripreso l\u2019attivit\u00e0 dal 4 maggio 2020 al Nord e al Centro \u00e8 maggiore (40%) rispetto al Sud il (35%) e al Sud \u00e8 pi\u00f9 elevata la percentuale di imprese cessate o che non prevedono di riprendere l\u2019attivit\u00e0 entro la fine dell\u2019anno (3,8% contro valori intorno al 2% nel Nord).<\/p>\n\n\n\n<p>\u201cInoltre, molte pi\u00f9 imprese localizzate al Nord hanno saputo sfruttare la crisi come occasione di cambiamento e riorganizzazione favorendo l\u2019accelerazione della transizione digitale e innovando. Tutto questo ci fa pensare che gli effetti di lungo periodo della crisi saranno pi\u00f9 profondi e duraturi nelle regioni meridionali. Le recenti previsioni SVIMEZ (contenute nel Rapporto 2020) indicano una ripresa economica gi\u00e0 nel 2021 decisamente pi\u00f9 forte nel Centro-Nord rispetto al Mezzogiorno (+4,5% vs +1,2%).<\/p>\n\n\n\n<p>\u201cPertanto, sollecito  la deputazione nazionale eletta nelle circoscrizioni Italia meridionale per presentare una mozione urgente e\/o Odg in Parlamento per impegnare il governo, nel corso dell\u2019attuale e imminente riscrittura del nuovo Pnrr, a tenere conto di tutti e tre i parametri (PIL pro capite, il tasso medio di disoccupazione e popolazione) che l\u2019Europa ha adottato come criteri di riparto tra i Paesi per le sovvenzioni dal Dispositivo di ripresa e resilienza e pertanto aumentare la percentuale delle risorse del PNRR fino al 75% per sostenere gli investimenti pubblici per le grandi opere nel Mezzogiorno previste nel Piano Sud. La percentuale del 75% deve essere addizionale e non sostitutiva agli ordinari finanziamenti nazionali (Fondo Sviluppo e Coesione) per la crescita e la convergenza e finanziamenti europei nell&#8217;ambito del QFP 2021-2027\u201d.<\/p>\n","protected":false},"excerpt":{"rendered":"<p>De Luca punta nuovamente la luce dei riflettori sul cosiddetto Recovery Fund, noto anche come Next Generation EU, il piano per la ripresa dell\u2019Europa, e dunque anche dell\u2019Italia, dalla crisi economica e sociale causata dalla pandemia da coronavirus. In breve, lo scorso febbraio il primo cittadino aveva diffidato i governi nazionale e regionale, sostenendo che [&hellip;]<\/p>\n","protected":false},"author":8,"featured_media":42199,"comment_status":"open","ping_status":"open","sticky":false,"template":"","format":"standard","meta":{"ub_ctt_via":"","_mi_skip_tracking":false},"categories":[4],"tags":[126,915,914],"featured_image_src":"https:\/\/www.messinaoggi.it\/website\/wp-content\/uploads\/2020\/04\/IMG-20200408-WA0002.jpg","author_info":{"display_name":"red..me","author_link":"https:\/\/www.messinaoggi.it\/website\/author\/redstage\/"},"digistream_id":0,"digistream":false,"_links":{"self":[{"href":"https:\/\/www.messinaoggi.it\/website\/wp-json\/wp\/v2\/posts\/55615"}],"collection":[{"href":"https:\/\/www.messinaoggi.it\/website\/wp-json\/wp\/v2\/posts"}],"about":[{"href":"https:\/\/www.messinaoggi.it\/website\/wp-json\/wp\/v2\/types\/post"}],"author":[{"embeddable":true,"href":"https:\/\/www.messinaoggi.it\/website\/wp-json\/wp\/v2\/users\/8"}],"replies":[{"embeddable":true,"href":"https:\/\/www.messinaoggi.it\/website\/wp-json\/wp\/v2\/comments?post=55615"}],"version-history":[{"count":3,"href":"https:\/\/www.messinaoggi.it\/website\/wp-json\/wp\/v2\/posts\/55615\/revisions"}],"predecessor-version":[{"id":55619,"href":"https:\/\/www.messinaoggi.it\/website\/wp-json\/wp\/v2\/posts\/55615\/revisions\/55619"}],"wp:featuredmedia":[{"embeddable":true,"href":"https:\/\/www.messinaoggi.it\/website\/wp-json\/wp\/v2\/media\/42199"}],"wp:attachment":[{"href":"https:\/\/www.messinaoggi.it\/website\/wp-json\/wp\/v2\/media?parent=55615"}],"wp:term":[{"taxonomy":"category","embeddable":true,"href":"https:\/\/www.messinaoggi.it\/website\/wp-json\/wp\/v2\/categories?post=55615"},{"taxonomy":"post_tag","embeddable":true,"href":"https:\/\/www.messinaoggi.it\/website\/wp-json\/wp\/v2\/tags?post=55615"}],"curies":[{"name":"wp","href":"https:\/\/api.w.org\/{rel}","templated":true}]}}