{"id":5554,"date":"2017-07-27T16:35:54","date_gmt":"2017-07-27T14:35:54","guid":{"rendered":"http:\/\/www.messinaoggi.it\/website\/?p=5554"},"modified":"2017-07-27T16:35:54","modified_gmt":"2017-07-27T14:35:54","slug":"progetti-occupazione-onlus-giuseppe-franza-elio-matacena-svela-sei-vincitori","status":"publish","type":"post","link":"https:\/\/www.messinaoggi.it\/website\/2017\/07\/27\/progetti-occupazione-onlus-giuseppe-franza-elio-matacena-svela-sei-vincitori\/","title":{"rendered":"Progetti occupazione, Onlus Giuseppe Franza- Elio Matacena svela sei vincitori"},"content":{"rendered":"<p style=\"text-align: justify\">Il tema dell\u2019occupazione ha coinvolto una selezione di 58 proposte pervenute al Cda della Onlus Giuseppe Franza- Elio Matacena e 500mila euro in dotazione per affrancare dei validi programmi di \u201clavoro come veicolo primario di promozione della dignit\u00e0 umana\u201d. In tutto sono sei che possono beneficiare dei fondi della stessa Onlus, previsti per l\u2019annualit\u00e0 2016\/2017.<div id=\"div-gpt-ad-Messinaoggi.it-DSK-300x250-corpoart\" style=\"text-align:center;margin:0 auto;\"><\/div><\/p>\n<p style=\"text-align: justify\"><img loading=\"lazy\" class=\"alignnone size-medium wp-image-5525\" src=\"http:\/\/www.messinaoggi.it\/website\/wp-content\/uploads\/2017\/07\/olga-franzaRRP_7791-300x200.jpg\" alt=\"\" width=\"300\" height=\"200\" \/>I nomi dei vincitori e i dettagli delle loro proposte sono stati divulgati questa mattina nel corso di una conferenza stampa, nella Sala della Consulta della Camera di Commercio in piazza Cavallotti a Messina.\u00a0A presenziare all\u2019evento, oltre al presidente prof. Francesco Vermiglio, i componenti del Consiglio di Amministrazione, Gabriella Ferrari Bravo, Helga Franza e gli amministratori del Gruppo Caronte&amp; Tourist fondatore della Onlus.<div id=\"videoincontent\" style=\"clear:both\";><\/div><\/p>\n<p style=\"text-align: justify\"><img loading=\"lazy\" class=\"alignnone size-medium wp-image-5524\" src=\"http:\/\/www.messinaoggi.it\/website\/wp-content\/uploads\/2017\/07\/Elga-franzaRRP_7792-300x200.jpg\" alt=\"\" width=\"300\" height=\"200\" \/>A vincere queste somme l\u2019associazione &#8220;Nati per la vita&#8221; che realizzer\u00e0, in collaborazione con l\u2019Universit\u00e0 di Messina- Facolt\u00e0 di Psicologia, il centro diurno Carmelo Arig\u00f2 per il progetto di vita di bimbi e ragazzi autistici; \u201cUn mare di occasioni\u201d finanziato alla cooperativa Santa Maria della Strada\u201d; Villa Santa Maria ai padri Rogazionisti dell\u2019Istituto Antoniano; il progetto Vita Loca per l\u2019associazione Penelope; \u201cDonne operose e tessuti di speranza\u201d all\u2019associazione reggina Zedak\u00e0 e il progetto \u201cPass\u201d all\u2019associazione \u201cAvventura solidale\u201d.<\/p>\n<p style=\"text-align: right\"><strong>Foto Rocco Papandrea \u00a0<\/strong><\/p>\n","protected":false},"excerpt":{"rendered":"<p>Il tema dell\u2019occupazione ha coinvolto una selezione di 58 proposte pervenute al Cda della Onlus Giuseppe Franza- Elio Matacena e 500mila euro in dotazione per affrancare dei validi programmi di \u201clavoro come veicolo primario di promozione della dignit\u00e0 umana\u201d. In tutto sono sei che possono beneficiare dei fondi della stessa Onlus, previsti per l\u2019annualit\u00e0 2016\/2017. [&hellip;]<\/p>\n","protected":false},"author":7,"featured_media":5521,"comment_status":"closed","ping_status":"open","sticky":false,"template":"","format":"standard","meta":{"ub_ctt_via":"","_mi_skip_tracking":false},"categories":[5],"tags":[],"featured_image_src":"https:\/\/www.messinaoggi.it\/website\/wp-content\/uploads\/2017\/07\/cof-stampa-franza-progetti-approvatiRRP_7816-2.jpg","author_info":{"display_name":"Redazione1","author_link":"https:\/\/www.messinaoggi.it\/website\/author\/redazione1\/"},"digistream_id":0,"digistream":false,"_links":{"self":[{"href":"https:\/\/www.messinaoggi.it\/website\/wp-json\/wp\/v2\/posts\/5554"}],"collection":[{"href":"https:\/\/www.messinaoggi.it\/website\/wp-json\/wp\/v2\/posts"}],"about":[{"href":"https:\/\/www.messinaoggi.it\/website\/wp-json\/wp\/v2\/types\/post"}],"author":[{"embeddable":true,"href":"https:\/\/www.messinaoggi.it\/website\/wp-json\/wp\/v2\/users\/7"}],"replies":[{"embeddable":true,"href":"https:\/\/www.messinaoggi.it\/website\/wp-json\/wp\/v2\/comments?post=5554"}],"version-history":[{"count":0,"href":"https:\/\/www.messinaoggi.it\/website\/wp-json\/wp\/v2\/posts\/5554\/revisions"}],"wp:featuredmedia":[{"embeddable":true,"href":"https:\/\/www.messinaoggi.it\/website\/wp-json\/wp\/v2\/media\/5521"}],"wp:attachment":[{"href":"https:\/\/www.messinaoggi.it\/website\/wp-json\/wp\/v2\/media?parent=5554"}],"wp:term":[{"taxonomy":"category","embeddable":true,"href":"https:\/\/www.messinaoggi.it\/website\/wp-json\/wp\/v2\/categories?post=5554"},{"taxonomy":"post_tag","embeddable":true,"href":"https:\/\/www.messinaoggi.it\/website\/wp-json\/wp\/v2\/tags?post=5554"}],"curies":[{"name":"wp","href":"https:\/\/api.w.org\/{rel}","templated":true}]}}