{"id":55530,"date":"2021-03-16T08:30:00","date_gmt":"2021-03-16T07:30:00","guid":{"rendered":"http:\/\/www.messinaoggi.it\/website\/?p=55530"},"modified":"2021-03-16T14:22:40","modified_gmt":"2021-03-16T13:22:40","slug":"karting-weekend-interlocutorio-per-michael-paparo-nel-wsk-a-lecce","status":"publish","type":"post","link":"https:\/\/www.messinaoggi.it\/website\/2021\/03\/16\/karting-weekend-interlocutorio-per-michael-paparo-nel-wsk-a-lecce\/","title":{"rendered":"KARTING &#8211; Weekend produttivo per i kartisti siciliani nel WSK a Lecce"},"content":{"rendered":"\n<p><strong> <\/strong>Anche in questo fine settimana alcuni emergenti piloti siciliani si sono ben comportati in ambito kartistico oltre stretto.<div id=\"div-gpt-ad-Messinaoggi.it-DSK-300x250-corpoart\" style=\"text-align:center;margin:0 auto;\"><\/div><\/p>\n\n\n\n<p>Nel WSK, il 14enne catanese <strong>Alfio Spina<\/strong>  ha ottenuto nel secondo round del Super Master Series un\u2018ottimo sesto posto in classe OK che, risolleva il morale dopo lo sfortunato debutto veneto nel quale aveva dovuto abbandonare per un contatto in pre-finale, quando era altrettanto competitivo. <div id=\"videoincontent\" style=\"clear:both\";><\/div><\/p>\n\n\n\n<div class=\"wp-block-image\"><figure class=\"aligncenter size-large\"><img loading=\"lazy\" width=\"1024\" height=\"655\" src=\"https:\/\/www.messinaoggi.it\/website\/wp-content\/uploads\/2021\/03\/Spina-1024x655.jpg\" alt=\"\" class=\"wp-image-55550\" srcset=\"https:\/\/www.messinaoggi.it\/website\/wp-content\/uploads\/2021\/03\/Spina-1024x655.jpg 1024w, https:\/\/www.messinaoggi.it\/website\/wp-content\/uploads\/2021\/03\/Spina-300x192.jpg 300w, https:\/\/www.messinaoggi.it\/website\/wp-content\/uploads\/2021\/03\/Spina-768x491.jpg 768w, https:\/\/www.messinaoggi.it\/website\/wp-content\/uploads\/2021\/03\/Spina-100x65.jpg 100w, https:\/\/www.messinaoggi.it\/website\/wp-content\/uploads\/2021\/03\/Spina.jpg 1311w\" sizes=\"(max-width: 1024px) 100vw, 1024px\" \/><figcaption><strong><em>Alfio Spina su Tony Kart<\/em><\/strong><\/figcaption><\/figure><\/div>\n\n\n\n<p>Sul circuito della Conca il giovane driver su Tony kart ha avuto un fantastico score sin dalle qualifiche, risultando fra i primi sia in tre delle manche eliminatorie che in pre-finale. <\/p>\n\n\n\n<p>Al via dell\u2019attesissima finale Spina \u00e8 riuscito ad inserirsi al terzo posto, scambiandosi pi\u00f9 volte la posizione con i migliori, mentre nella seconda parte di gara con una condotta attenta ha evitato di correre rischi per portare a casa il primo risultato importante nella sua nuova categoria. <\/p>\n\n\n\n<p>Alla stessa finale ha preso parte anche il siracusano <strong>Michael Paparo<\/strong>, pilota ufficiale del Team Praga  che, rimasto dopo le eliminatorie nel centro del gruppo, ha preferito continuare l\u2019apprendimento accumulando ulteriori dati che serviranno come futuri riferimenti.<\/p>\n\n\n\n<p>Non \u00e8 bastato il massimo impegno del giovane aretuseo e dell&#8217;intero Team Praga per effettuare l\u2019agognato recupero riuscito ad Adria.<\/p>\n\n\n\n<p>La pista salentina infatti ha delle caratteristiche tali che non lo permettono, offrendo nel suo svolgimento una sola traiettoria valida. Cos\u00ec \u00e8 stato che, avendo disputato le eliminatorie sempre al centro del gruppo, Michael \u00e8 rimasto lontano dal vertice a battagliare per come meglio ha potuto anche in pre -finale e finale.<\/p>\n\n\n\n<div class=\"wp-block-image\"><figure class=\"aligncenter size-large\"><img loading=\"lazy\" width=\"768\" height=\"1024\" src=\"https:\/\/www.messinaoggi.it\/website\/wp-content\/uploads\/2021\/03\/paparo_protagonista_mondiale_ok_-1-768x1024.jpg\" alt=\"\" class=\"wp-image-55552\" srcset=\"https:\/\/www.messinaoggi.it\/website\/wp-content\/uploads\/2021\/03\/paparo_protagonista_mondiale_ok_-1-768x1024.jpg 768w, https:\/\/www.messinaoggi.it\/website\/wp-content\/uploads\/2021\/03\/paparo_protagonista_mondiale_ok_-1-225x300.jpg 225w, https:\/\/www.messinaoggi.it\/website\/wp-content\/uploads\/2021\/03\/paparo_protagonista_mondiale_ok_-1-1152x1536.jpg 1152w, https:\/\/www.messinaoggi.it\/website\/wp-content\/uploads\/2021\/03\/paparo_protagonista_mondiale_ok_-1.jpg 1536w\" sizes=\"(max-width: 768px) 100vw, 768px\" \/><figcaption> <em><strong>Michael Paparo (Team Praga)<\/strong><\/em><\/figcaption><\/figure><\/div>\n\n\n\n<p>Malgrado ci\u00f2 il pilota siracusano rientra da Lecce con altri dati accumulati che serviranno per il futuro di questa impegnativa stagione.<\/p>\n\n\n\n<p>\u201c <em>Sicuramente questa pista non \u00e8 adatta ai recuperi<\/em> \u2013 ha commentato Paparo &#8211; <em>e per certi versi agevola anche i piloti pi\u00f9 piccoli di statura; quelli in po&#8217; pi\u00f9 alti infatti sono sempre al limite di ribaltarsi sulle due ruote di appoggio. Per questo non ho voluto correre troppi rischi e continuare nel lavoro di apprendimento.<\/em>\u201d<\/p>\n\n\n\n<p>&#8220;<em>Nelle batterie abbiamo avuto dei risultati regolari &#8211; <\/em>conclude Michael Paparo <em>&#8211; ma con dei rilevamenti cronometrici in miglioramento, a riprova che c&#8217;\u00e8 ancora da lavorare per sottrarre decimi. Posso dire dunque che anche questa trasferta \u00e8 stata proficua\u201d<\/em>.<\/p>\n\n\n\n<div class=\"wp-block-image\"><figure class=\"aligncenter size-large\"><img loading=\"lazy\" width=\"711\" height=\"1005\" src=\"https:\/\/www.messinaoggi.it\/website\/wp-content\/uploads\/2021\/03\/Maragliano.jpg\" alt=\"\" class=\"wp-image-55551\" srcset=\"https:\/\/www.messinaoggi.it\/website\/wp-content\/uploads\/2021\/03\/Maragliano.jpg 711w, https:\/\/www.messinaoggi.it\/website\/wp-content\/uploads\/2021\/03\/Maragliano-212x300.jpg 212w\" sizes=\"(max-width: 711px) 100vw, 711px\" \/><figcaption><em><strong>Alex Maragliano (Team Birel Renda)<\/strong><\/em><\/figcaption><\/figure><\/div>\n\n\n\n<p>Buone notizie arrivano anche dalla Lombardia, dove sul circuito di Franciacorta, l\u2019agrigentino <strong>Alex Maragliano<\/strong>, da poco approdato al Team Birel Renda, \u00e8 salito sul secondo gradino del podio di classe Kz2 in una gara valevole per il Campionato Regionale di zona che per lui rappresentava un soltanto un test, in vista delle partecipazioni nel tricolore.<\/p>\n\n\n\n<p>Il sedicenne di Raffadali  \u00e8 stato primo in qualifica e in pre-finale, ma \u00e8 risultato secondo in finale nella confusione venutasi a creare a causa delle partenze anticipate di alcuni suoi rivali. <\/p>\n\n\n\n<p>Il terzo round del Super Master Series \u00e8 in programma sul Circuito Internazionale di Napoli a Sarno dal 25 al 28 marzo.<\/p>\n\n\n\n<p><strong>Calendario del WSK Super Master Series:<\/strong><\/p>\n\n\n\n<p>1\u00b0Rd \u2013 07\/02\/2021 <strong>ADRIA<\/strong><\/p>\n\n\n\n<p>2\u00b0Rd \u2013 14\/03\/2021 <strong>LA CONCA<\/strong><\/p>\n\n\n\n<p>3\u00b0Rd \u2013 28\/03\/2021 <strong>SARNO<\/strong><\/p>\n\n\n\n<p>4\u00b0Rd \u2013 25\/04\/2021 <strong>LONATO<\/strong><\/p>\n","protected":false},"excerpt":{"rendered":"<p>Anche in questo fine settimana alcuni emergenti piloti siciliani si sono ben comportati in ambito kartistico oltre stretto. Nel WSK, il 14enne catanese Alfio Spina ha ottenuto nel secondo round del Super Master Series un\u2018ottimo sesto posto in classe OK che, risolleva il morale dopo lo sfortunato debutto veneto nel quale aveva dovuto abbandonare per [&hellip;]<\/p>\n","protected":false},"author":17,"featured_media":55532,"comment_status":"open","ping_status":"open","sticky":false,"template":"","format":"standard","meta":{"ub_ctt_via":"","_mi_skip_tracking":false},"categories":[8,9],"tags":[418],"featured_image_src":"https:\/\/www.messinaoggi.it\/website\/wp-content\/uploads\/2021\/03\/Michael-LA-CONCA.jpg","author_info":{"display_name":"Giuseppe Luppino","author_link":"https:\/\/www.messinaoggi.it\/website\/author\/g-luppino\/"},"digistream_id":0,"digistream":false,"_links":{"self":[{"href":"https:\/\/www.messinaoggi.it\/website\/wp-json\/wp\/v2\/posts\/55530"}],"collection":[{"href":"https:\/\/www.messinaoggi.it\/website\/wp-json\/wp\/v2\/posts"}],"about":[{"href":"https:\/\/www.messinaoggi.it\/website\/wp-json\/wp\/v2\/types\/post"}],"author":[{"embeddable":true,"href":"https:\/\/www.messinaoggi.it\/website\/wp-json\/wp\/v2\/users\/17"}],"replies":[{"embeddable":true,"href":"https:\/\/www.messinaoggi.it\/website\/wp-json\/wp\/v2\/comments?post=55530"}],"version-history":[{"count":6,"href":"https:\/\/www.messinaoggi.it\/website\/wp-json\/wp\/v2\/posts\/55530\/revisions"}],"predecessor-version":[{"id":55655,"href":"https:\/\/www.messinaoggi.it\/website\/wp-json\/wp\/v2\/posts\/55530\/revisions\/55655"}],"wp:featuredmedia":[{"embeddable":true,"href":"https:\/\/www.messinaoggi.it\/website\/wp-json\/wp\/v2\/media\/55532"}],"wp:attachment":[{"href":"https:\/\/www.messinaoggi.it\/website\/wp-json\/wp\/v2\/media?parent=55530"}],"wp:term":[{"taxonomy":"category","embeddable":true,"href":"https:\/\/www.messinaoggi.it\/website\/wp-json\/wp\/v2\/categories?post=55530"},{"taxonomy":"post_tag","embeddable":true,"href":"https:\/\/www.messinaoggi.it\/website\/wp-json\/wp\/v2\/tags?post=55530"}],"curies":[{"name":"wp","href":"https:\/\/api.w.org\/{rel}","templated":true}]}}