{"id":554,"date":"2017-05-26T20:26:17","date_gmt":"2017-05-26T18:26:17","guid":{"rendered":"http:\/\/www.messinaoggi.it\/website\/?p=554"},"modified":"2017-05-26T20:26:17","modified_gmt":"2017-05-26T18:26:17","slug":"clan-off-pesenta-intra-a-medea","status":"publish","type":"post","link":"https:\/\/www.messinaoggi.it\/website\/2017\/05\/26\/clan-off-pesenta-intra-a-medea\/","title":{"rendered":"Clan off pesenta Intra a Medea"},"content":{"rendered":"<p>Sabato per la stagione\u201c\u00c8 tempo di teatro\u201d, realizzata dall\u2019associazione culturale \u201cClan degli Attori\u201d, di Giovanni Maria Curr\u00f2 e Mauro Failla, andr\u00e0 in scena, al Clan Off Teatro, in \u00a0un doppio appuntamento, alle ore 18.30 e alle 21. 30, \u00a0lo spettacolo presentato da Arkadina Teatro, \u201cIntra a Medea\u201d.<br \/>\nLa pi\u00e9ce, \u00a0scritta da Germano Marano e Daiana Tripodi, e diretto e interpretato dalla stessa autrice, racconta una \u00a0storia al femminile, un viaggio, a partire dalla Medea di Euripide, interpretato nella lingua originaria dell&#8217;attrice e regista,\u00a0 ossia il calabrese, alla scoperta dell&#8217;io pi\u00f9 profondo dell&#8217;essere donna e dell&#8217;essere madre.<br \/>\nParlando del suo spettacolo l\u2019autrice afferma \u00abIl lavoro su &#8220;Intra a &#8216; Medea&#8221; nasce dall\u2019esigenza di esplorare i temi forti del mito di Medea, sempre eterni, ricercandoli nel linguaggio pi\u00f9 sentito e vicino a me, quello con cui ho pi\u00f9 familiarit\u00e0. Mi \u00e8 stato chiesto: &#8220;perch\u00e9 devo venire a vedere questa Medea? Cos&#8217;ha di diverso da tutte le altre Medee ?&#8230;&#8221; Ovviamente non so dare una risposta precisa a questa domanda&#8230; Quello che so \u00e8 che questa \u00e8 la \u201cmia Medea\u201d. Il tema principale \u00e8 quello dell\u2019orgoglio, l\u2019orgoglio femminile, che quando si innesca \u00e8 come una bomba, una bomba che fa poi esplodere diversi altri sentimenti. La rabbia, che non trova pace in un corpo femminile ferito nell\u2019orgoglio.<br \/>\nIl dolore troppo grande, troppo pesante da poter essere sopportato. La voce di questa Medea \u00e8 un esplosione di tutti questi sentimenti, che non si rassegnano in un corpo ferito dall\u2019orgoglio. Prendendo spunto dai testi di Euripide, Heiner M\u00fcller, Christa Wolf, ho riscritto con mie parole la storia di questa donna, donna che diventa Mito, donna che \u00e8 soprattutto una Donna, uguale, e diversa, a tutte le altre donne\u00bb.<br \/>\nLe musiche che impreziosiscono lo spettacolo sono dei &#8220;Mattanza&#8221;, gruppo calabrese che si caratterizza per essere crocevia di suoni e liriche che attingono alla tradizione popolare calabrese. \u00a0con tutta la potenza della saggezza antica, ma con la freschezza di una nuova concezione musicale.<br \/>\nUn spettacolo da non perdere, dunque, perch\u00e9 si caratterizza per essere la \u201cmadre\u201d di tutte le storie.<br \/>\nDomenica si replica alle ore 18.30.<div id=\"div-gpt-ad-Messinaoggi.it-DSK-300x250-corpoart\" style=\"text-align:center;margin:0 auto;\"><\/div><\/p>\n<div id=\"videoincontent\" style=\"clear:both\";><\/div>","protected":false},"excerpt":{"rendered":"<p>Sabato per la stagione\u201c\u00c8 tempo di teatro\u201d, realizzata dall\u2019associazione culturale \u201cClan degli Attori\u201d, di Giovanni Maria Curr\u00f2 e Mauro Failla, andr\u00e0 in scena, al Clan Off Teatro, in \u00a0un doppio appuntamento, alle ore 18.30 e alle 21. 30, \u00a0lo spettacolo presentato da Arkadina Teatro, \u201cIntra a Medea\u201d. La pi\u00e9ce, \u00a0scritta da Germano Marano e Daiana [&hellip;]<\/p>\n","protected":false},"author":5,"featured_media":555,"comment_status":"closed","ping_status":"open","sticky":false,"template":"","format":"standard","meta":{"ub_ctt_via":"","_mi_skip_tracking":false},"categories":[17],"tags":[],"featured_image_src":"https:\/\/www.messinaoggi.it\/website\/wp-content\/uploads\/2017\/05\/Intra-a-Medea-1-2.jpg","author_info":{"display_name":"Maria Antonella Saia","author_link":"https:\/\/www.messinaoggi.it\/website\/author\/m-saia\/"},"digistream_id":0,"digistream":false,"_links":{"self":[{"href":"https:\/\/www.messinaoggi.it\/website\/wp-json\/wp\/v2\/posts\/554"}],"collection":[{"href":"https:\/\/www.messinaoggi.it\/website\/wp-json\/wp\/v2\/posts"}],"about":[{"href":"https:\/\/www.messinaoggi.it\/website\/wp-json\/wp\/v2\/types\/post"}],"author":[{"embeddable":true,"href":"https:\/\/www.messinaoggi.it\/website\/wp-json\/wp\/v2\/users\/5"}],"replies":[{"embeddable":true,"href":"https:\/\/www.messinaoggi.it\/website\/wp-json\/wp\/v2\/comments?post=554"}],"version-history":[{"count":0,"href":"https:\/\/www.messinaoggi.it\/website\/wp-json\/wp\/v2\/posts\/554\/revisions"}],"wp:featuredmedia":[{"embeddable":true,"href":"https:\/\/www.messinaoggi.it\/website\/wp-json\/wp\/v2\/media\/555"}],"wp:attachment":[{"href":"https:\/\/www.messinaoggi.it\/website\/wp-json\/wp\/v2\/media?parent=554"}],"wp:term":[{"taxonomy":"category","embeddable":true,"href":"https:\/\/www.messinaoggi.it\/website\/wp-json\/wp\/v2\/categories?post=554"},{"taxonomy":"post_tag","embeddable":true,"href":"https:\/\/www.messinaoggi.it\/website\/wp-json\/wp\/v2\/tags?post=554"}],"curies":[{"name":"wp","href":"https:\/\/api.w.org\/{rel}","templated":true}]}}