{"id":55165,"date":"2021-03-12T18:06:59","date_gmt":"2021-03-12T17:06:59","guid":{"rendered":"http:\/\/www.messinaoggi.it\/website\/?p=55165"},"modified":"2021-03-12T18:07:00","modified_gmt":"2021-03-12T17:07:00","slug":"gioventu-nazionale-non-arrenderti-al-declino-anche-tu-domani-petizione","status":"publish","type":"post","link":"https:\/\/www.messinaoggi.it\/website\/2021\/03\/12\/gioventu-nazionale-non-arrenderti-al-declino-anche-tu-domani-petizione\/","title":{"rendered":"Giovent\u00f9 nazionale: &#8220;Non arrenderti al declino anche tu&#8221;. Domani petizione"},"content":{"rendered":"\n<p>L&#8217;appuntamento \u00e8 fissato alle 10.30 di domani per il nobile scopo di accendere i riflettori sulla citt\u00e0 attraverso una raccolta firme alla Passeggiata a mare. L&#8217;iniziativa \u00e8 di Giovent\u00f9 nazionale.<div id=\"div-gpt-ad-Messinaoggi.it-DSK-300x250-corpoart\" style=\"text-align:center;margin:0 auto;\"><\/div><\/p>\n\n\n\n<p>&#8220;Con progetti passati si continuano ad ergere mura con una visione di citt\u00e1 vecchia, lontana dal futuro; \u00e8 questo che volete consegnare alle nuove generazioni?<div id=\"videoincontent\" style=\"clear:both\";><\/div><\/p>\n\n\n\n<p>Ci\u00f3 che i messinesi, ormai arresi al declino, devono comprendere \u00e8 che gli edifici che saranno ricostruiti costituiranno la struttura dell\u2019affaccio al mare della citt\u00e0 per i prossimi decenni. Per troppi anni ci \u00e8 gi\u00e0 stato negato. Non possiamo accettare che sia cosi anche per i prossimi anni.<\/p>\n\n\n\n<p>Vogliamo recuperare un rapporto organico tra il mare e la citt\u00e0, restituendo chilometri di costa, oggi in ostaggio, alla citt\u00e0 e dargli ampi spazi verdi, poli sportivi, aree ricreative ed opportunit\u00e0 turistiche.<\/p>\n\n\n\n<p>Non arrenderti al declino anche tu, partecipa alla raccolta firme promossa da Giovent\u00f9 Nazionale &#8211; Provincia di Messina. Ci troverai alla passeggiata a mare sabato mattina dalle 10.30 alle 12.30&#8243;.<\/p>\n","protected":false},"excerpt":{"rendered":"<p>L&#8217;appuntamento \u00e8 fissato alle 10.30 di domani per il nobile scopo di accendere i riflettori sulla citt\u00e0 attraverso una raccolta firme alla Passeggiata a mare. L&#8217;iniziativa \u00e8 di Giovent\u00f9 nazionale. &#8220;Con progetti passati si continuano ad ergere mura con una visione di citt\u00e1 vecchia, lontana dal futuro; \u00e8 questo che volete consegnare alle nuove generazioni? [&hellip;]<\/p>\n","protected":false},"author":4,"featured_media":42997,"comment_status":"open","ping_status":"open","sticky":false,"template":"","format":"standard","meta":{"ub_ctt_via":"","_mi_skip_tracking":false},"categories":[5],"tags":[],"featured_image_src":"https:\/\/www.messinaoggi.it\/website\/wp-content\/uploads\/2020\/05\/madonnina-del-porto.jpg","author_info":{"display_name":"redme","author_link":"https:\/\/www.messinaoggi.it\/website\/author\/redme\/"},"digistream_id":0,"digistream":false,"_links":{"self":[{"href":"https:\/\/www.messinaoggi.it\/website\/wp-json\/wp\/v2\/posts\/55165"}],"collection":[{"href":"https:\/\/www.messinaoggi.it\/website\/wp-json\/wp\/v2\/posts"}],"about":[{"href":"https:\/\/www.messinaoggi.it\/website\/wp-json\/wp\/v2\/types\/post"}],"author":[{"embeddable":true,"href":"https:\/\/www.messinaoggi.it\/website\/wp-json\/wp\/v2\/users\/4"}],"replies":[{"embeddable":true,"href":"https:\/\/www.messinaoggi.it\/website\/wp-json\/wp\/v2\/comments?post=55165"}],"version-history":[{"count":1,"href":"https:\/\/www.messinaoggi.it\/website\/wp-json\/wp\/v2\/posts\/55165\/revisions"}],"predecessor-version":[{"id":55166,"href":"https:\/\/www.messinaoggi.it\/website\/wp-json\/wp\/v2\/posts\/55165\/revisions\/55166"}],"wp:featuredmedia":[{"embeddable":true,"href":"https:\/\/www.messinaoggi.it\/website\/wp-json\/wp\/v2\/media\/42997"}],"wp:attachment":[{"href":"https:\/\/www.messinaoggi.it\/website\/wp-json\/wp\/v2\/media?parent=55165"}],"wp:term":[{"taxonomy":"category","embeddable":true,"href":"https:\/\/www.messinaoggi.it\/website\/wp-json\/wp\/v2\/categories?post=55165"},{"taxonomy":"post_tag","embeddable":true,"href":"https:\/\/www.messinaoggi.it\/website\/wp-json\/wp\/v2\/tags?post=55165"}],"curies":[{"name":"wp","href":"https:\/\/api.w.org\/{rel}","templated":true}]}}