{"id":55068,"date":"2021-03-11T21:07:45","date_gmt":"2021-03-11T20:07:45","guid":{"rendered":"https:\/\/www.messinaoggi.it\/website\/2021\/03\/11\/astrazeneca-non-emerse-prove-di-aumento-rischio-embolia-o-trombosi\/"},"modified":"2021-03-12T06:57:19","modified_gmt":"2021-03-12T05:57:19","slug":"astrazeneca-non-emerse-prove-di-aumento-rischio-embolia-o-trombosi","status":"publish","type":"post","link":"https:\/\/www.messinaoggi.it\/website\/2021\/03\/11\/astrazeneca-non-emerse-prove-di-aumento-rischio-embolia-o-trombosi\/","title":{"rendered":"AstraZeneca \u201cNon emerse prove di aumento rischio embolia o trombosi\u201d"},"content":{"rendered":"<div>ROMA (ITALPRESS) &#8211; A seguito della recente segnalazione di alcuni eventi avversi gravi segnalati in concomitanza temporale con la somministrazione del vaccino AstraZeneca contro Covid-19, l&#8217;azienda sta collaborando con le autorit\u00e0 sanitarie e regolatorie che stanno procedendo agli accertamenti necessari.<br \/>\n&#8220;Da un&#8217;analisi dei nostri dati di sicurezza su oltre 10 milioni di somministrazioni non \u00e8 emersa alcuna prova di un aumento del rischio di embolia polmonare o trombosi venosa profonda in qualsiasi gruppo di et\u00e0, sesso, lotto o in qualsiasi paese in cui \u00e8 stato utilizzato il vaccino AstraZeneca contro COVID-19 &#8211; si legge in una nota -. Il numero di questi eventi \u00e8 significativamente inferiore nei soggetti vaccinati rispetto al numero osservato nella popolazione generale. AstraZeneca intende inoltre precisare che dagli accertamenti di qualit\u00e0 internamente effettuati a seguito della segnalazione di AIFA, non si sono evidenziati aspetti che possano avere avuto un impatto sulla qualit\u00e0, sicurezza, efficacia del lotto in questione e di questo \u00e8 stata prontamente informata l&#8217;AIFA&#8221;.<br \/>\n(ITALPRESS).<\/div>\n<div id=\"div-gpt-ad-Messinaoggi.it-DSK-300x250-corpoart\" style=\"text-align:center;margin:0 auto;\"><\/div><\/p><div id=\"videoincontent\" style=\"clear:both\";><\/div>","protected":false},"excerpt":{"rendered":"<p>ROMA (ITALPRESS) &#8211; A seguito della recente segnalazione di alcuni eventi avversi gravi segnalati in concomitanza temporale con la somministrazione del vaccino AstraZeneca contro Covid-19, l&#8217;azienda sta collaborando con le autorit\u00e0 sanitarie e regolatorie che stanno procedendo agli accertamenti necessari. &#8220;Da un&#8217;analisi dei nostri dati di sicurezza su oltre 10 milioni di somministrazioni non \u00e8 [&hellip;]<\/p>\n","protected":false},"author":18,"featured_media":55069,"comment_status":"closed","ping_status":"closed","sticky":false,"template":"","format":"standard","meta":{"ub_ctt_via":"","_mi_skip_tracking":false},"categories":[19,446],"tags":[783],"featured_image_src":"https:\/\/www.messinaoggi.it\/website\/wp-content\/uploads\/2021\/03\/20210311_3093.jpg","author_info":{"display_name":"Admin","author_link":"https:\/\/www.messinaoggi.it\/website\/author\/admin\/"},"digistream_id":0,"digistream":false,"_links":{"self":[{"href":"https:\/\/www.messinaoggi.it\/website\/wp-json\/wp\/v2\/posts\/55068"}],"collection":[{"href":"https:\/\/www.messinaoggi.it\/website\/wp-json\/wp\/v2\/posts"}],"about":[{"href":"https:\/\/www.messinaoggi.it\/website\/wp-json\/wp\/v2\/types\/post"}],"author":[{"embeddable":true,"href":"https:\/\/www.messinaoggi.it\/website\/wp-json\/wp\/v2\/users\/18"}],"replies":[{"embeddable":true,"href":"https:\/\/www.messinaoggi.it\/website\/wp-json\/wp\/v2\/comments?post=55068"}],"version-history":[{"count":1,"href":"https:\/\/www.messinaoggi.it\/website\/wp-json\/wp\/v2\/posts\/55068\/revisions"}],"predecessor-version":[{"id":55083,"href":"https:\/\/www.messinaoggi.it\/website\/wp-json\/wp\/v2\/posts\/55068\/revisions\/55083"}],"wp:featuredmedia":[{"embeddable":true,"href":"https:\/\/www.messinaoggi.it\/website\/wp-json\/wp\/v2\/media\/55069"}],"wp:attachment":[{"href":"https:\/\/www.messinaoggi.it\/website\/wp-json\/wp\/v2\/media?parent=55068"}],"wp:term":[{"taxonomy":"category","embeddable":true,"href":"https:\/\/www.messinaoggi.it\/website\/wp-json\/wp\/v2\/categories?post=55068"},{"taxonomy":"post_tag","embeddable":true,"href":"https:\/\/www.messinaoggi.it\/website\/wp-json\/wp\/v2\/tags?post=55068"}],"curies":[{"name":"wp","href":"https:\/\/api.w.org\/{rel}","templated":true}]}}