{"id":54983,"date":"2021-03-11T09:28:35","date_gmt":"2021-03-11T08:28:35","guid":{"rendered":"http:\/\/www.messinaoggi.it\/website\/?p=54983"},"modified":"2021-03-11T09:28:36","modified_gmt":"2021-03-11T08:28:36","slug":"cisal-ok-emendamenti-regionali-su-quota-100","status":"publish","type":"post","link":"https:\/\/www.messinaoggi.it\/website\/2021\/03\/11\/cisal-ok-emendamenti-regionali-su-quota-100\/","title":{"rendered":"Cisal, ok emendamenti regionali su &#8220;Quota 100&#8221;"},"content":{"rendered":"\n<p>\u201cGli emendamenti in Finanziaria sulle<br>pensioni dei Regionali, su quota 100 e sulla riclassificazione del<br>personale recepiscono le nostre proposte e vanno nella giusta<br>direzione: bisogna premiare il merito, investire sui lavoratori ed<br>evitare di fare cassa con le pensioni pi\u00f9 basse perch\u00e9 non \u00e8 cos\u00ec che<br>si risanano i conti della Regione\u201d. Lo dicono Giuseppe Badagliacca e<br>Angelo Lo Curto del sindacato Siad-Csa-Cisal.<div id=\"div-gpt-ad-Messinaoggi.it-DSK-300x250-corpoart\" style=\"text-align:center;margin:0 auto;\"><\/div><\/p>\n\n\n\n<p>\u201cCi auguriamo che l\u2019Assemblea regionale approvi gli emendamenti alla<br>Finanziaria presentati dall\u2019assessore alla Funzione pubblica Marco<br>Zambuto sulla base delle nostre proposte in commissione Bilancio \u2013<br>dicono Badagliacca e Lo Curto \u2013 Il primo emendamento fa saltare il<br>tetto di 3,5 milioni da destinare alla riclassificazione del<br>personale; il secondo prevede un contributo di solidariet\u00e0 solo sulle<br>pensioni superiori a 3.500 euro lordi mensili, contro i 1.804 euro<br>inizialmente previsti; il terzo consente di superare il blocco dei<br>pensionamenti dovuto a una sentenza della Corte Costituzionale. Siamo<br>convinti che le forze politiche di Sala d&#8217;Ercole sapranno cogliere<br>l\u2019importanza di approvare questi emendamenti che gettano le basi per<br>un vero rilancio della macchina burocratica regionale, evitando<br>operazioni di cassa che rischiano solo di provocare danni\u201d.<div id=\"videoincontent\" style=\"clear:both\";><\/div><\/p>\n","protected":false},"excerpt":{"rendered":"<p>\u201cGli emendamenti in Finanziaria sullepensioni dei Regionali, su quota 100 e sulla riclassificazione delpersonale recepiscono le nostre proposte e vanno nella giustadirezione: bisogna premiare il merito, investire sui lavoratori edevitare di fare cassa con le pensioni pi\u00f9 basse perch\u00e9 non \u00e8 cos\u00ec chesi risanano i conti della Regione\u201d. Lo dicono Giuseppe Badagliacca eAngelo Lo Curto [&hellip;]<\/p>\n","protected":false},"author":2,"featured_media":45376,"comment_status":"open","ping_status":"open","sticky":false,"template":"","format":"standard","meta":{"ub_ctt_via":"","_mi_skip_tracking":false},"categories":[11],"tags":[838,837,757],"featured_image_src":"https:\/\/www.messinaoggi.it\/website\/wp-content\/uploads\/2020\/07\/10_2020_07_07_20200707_003426.jpg","author_info":{"display_name":"Redazione","author_link":"https:\/\/www.messinaoggi.it\/website\/author\/redazione\/"},"digistream_id":0,"digistream":false,"_links":{"self":[{"href":"https:\/\/www.messinaoggi.it\/website\/wp-json\/wp\/v2\/posts\/54983"}],"collection":[{"href":"https:\/\/www.messinaoggi.it\/website\/wp-json\/wp\/v2\/posts"}],"about":[{"href":"https:\/\/www.messinaoggi.it\/website\/wp-json\/wp\/v2\/types\/post"}],"author":[{"embeddable":true,"href":"https:\/\/www.messinaoggi.it\/website\/wp-json\/wp\/v2\/users\/2"}],"replies":[{"embeddable":true,"href":"https:\/\/www.messinaoggi.it\/website\/wp-json\/wp\/v2\/comments?post=54983"}],"version-history":[{"count":1,"href":"https:\/\/www.messinaoggi.it\/website\/wp-json\/wp\/v2\/posts\/54983\/revisions"}],"predecessor-version":[{"id":54984,"href":"https:\/\/www.messinaoggi.it\/website\/wp-json\/wp\/v2\/posts\/54983\/revisions\/54984"}],"wp:featuredmedia":[{"embeddable":true,"href":"https:\/\/www.messinaoggi.it\/website\/wp-json\/wp\/v2\/media\/45376"}],"wp:attachment":[{"href":"https:\/\/www.messinaoggi.it\/website\/wp-json\/wp\/v2\/media?parent=54983"}],"wp:term":[{"taxonomy":"category","embeddable":true,"href":"https:\/\/www.messinaoggi.it\/website\/wp-json\/wp\/v2\/categories?post=54983"},{"taxonomy":"post_tag","embeddable":true,"href":"https:\/\/www.messinaoggi.it\/website\/wp-json\/wp\/v2\/tags?post=54983"}],"curies":[{"name":"wp","href":"https:\/\/api.w.org\/{rel}","templated":true}]}}