{"id":54904,"date":"2021-03-10T17:00:32","date_gmt":"2021-03-10T16:00:32","guid":{"rendered":"http:\/\/www.messinaoggi.it\/website\/?p=54904"},"modified":"2021-03-11T09:33:24","modified_gmt":"2021-03-11T08:33:24","slug":"gara-podistica-rinviata-alla-primavera-2022-la-fontalba-marathon-messina","status":"publish","type":"post","link":"https:\/\/www.messinaoggi.it\/website\/2021\/03\/10\/gara-podistica-rinviata-alla-primavera-2022-la-fontalba-marathon-messina\/","title":{"rendered":"GARA PODISTICA &#8211; Rinviata alla primavera 2022 la &#8220;Fontalba Marathon Messina&#8221;"},"content":{"rendered":"\n<p>Vista la perdurante emergenza sanitaria legata al Covid-19 e tenendo conto delle necessit\u00e0 organizzative di una gara podistica internazionale FIDAL e, soprattutto, della tutela delle componenti coinvolte, la Polisportiva Odysseus ha annullato la manifestazione, in calendario domenica 21 marzo.<div id=\"div-gpt-ad-Messinaoggi.it-DSK-300x250-corpoart\" style=\"text-align:center;margin:0 auto;\"><\/div><\/p>\n\n\n\n<p>La Fontalba Marathon Messina d\u00e0 quindi l\u2019appuntamento alla primavera del 2022. <div id=\"videoincontent\" style=\"clear:both\";><\/div><\/p>\n\n\n\n<p>Prevista in calendario per domenica 21 marzo, non si disputer\u00e0 la kermesse che prevedeva lo svolgimento, oltre che della competizione sulla distanza di 42,195 km, anche della dodicesima edizione della Mezza Maratona \u201cEufemio da Messina\u201d di 21,097 km, della decima \u201cShakespeare Run\u201d e del Fitwalking.<\/p>\n\n\n\n<p><em>\u201cPer noi questa decisione \u00e8 motivo di grande rammarico &#8211;<\/em> queste le prime parole del patron Antonello Aliberti &#8211; <em>ma non possiamo fare altro che adeguarci alle leggi e ai vari Dpcm vigenti e a tutto quanto concerne le scelte politiche e sanitarie italiane. La speranza \u00e8 che la situazione si normalizzi, presto per proiettarci al futuro. Attualmente si naviga, purtroppo, a vista. <\/em><\/p>\n\n\n\n<figure class=\"wp-block-image size-large\"><img loading=\"lazy\" width=\"1024\" height=\"768\" src=\"https:\/\/www.messinaoggi.it\/website\/wp-content\/uploads\/2021\/03\/Gli-organizzatori-con-lassessore-Francesco-Gallo-1024x768.jpeg\" alt=\"\" class=\"wp-image-54906\" srcset=\"https:\/\/www.messinaoggi.it\/website\/wp-content\/uploads\/2021\/03\/Gli-organizzatori-con-lassessore-Francesco-Gallo-1024x768.jpeg 1024w, https:\/\/www.messinaoggi.it\/website\/wp-content\/uploads\/2021\/03\/Gli-organizzatori-con-lassessore-Francesco-Gallo-300x225.jpeg 300w, https:\/\/www.messinaoggi.it\/website\/wp-content\/uploads\/2021\/03\/Gli-organizzatori-con-lassessore-Francesco-Gallo-768x576.jpeg 768w, https:\/\/www.messinaoggi.it\/website\/wp-content\/uploads\/2021\/03\/Gli-organizzatori-con-lassessore-Francesco-Gallo-1536x1153.jpeg 1536w, https:\/\/www.messinaoggi.it\/website\/wp-content\/uploads\/2021\/03\/Gli-organizzatori-con-lassessore-Francesco-Gallo.jpeg 1599w\" sizes=\"(max-width: 1024px) 100vw, 1024px\" \/><figcaption><em><strong>Gli organizzatori con l&#8217;Assessore Francesco Gallo<\/strong><\/em><\/figcaption><\/figure>\n\n\n\n<p>&#8220;<em>Ci tengo a ringraziare per la costante vicinanza il Comune di Messina, il sindaco Cateno De Luca, l\u2019assessore allo Sport Francesco Gallo, l\u2019intera Giunta, le varie Istituzioni interessate, la Fontalba &#8211; <\/em>conclude Aliberti <em>&#8211;  nella figura dell\u2019amministratore dott. Alessandro Faranda, Title Sponsor della Maratona di Messina, e gli altri partner\u201d.<\/em><\/p>\n\n\n\n<p>Per Alessandro Faranda: <em>\u201cProsegue il sostegno e l\u2019impegno a favore della manifestazione, un esempio virtuoso e di aggregazione per tutto il territorio messinese e non solo. La mia passione per lo sport, il grande amore che nutro per Messina ed il legame di stima con la Maratona di Messina e Antonello Aliberti, mi hanno spinto a continuare e credere nell\u2019evento. E\u2019 trascorso un anno esatto dall\u2019inizio del primo<\/em> <em>lockdown e ricominciare a parlare di ripartenza e pianificazione del futuro, programmando attivit\u00e0 di aggregazione per il territorio, rappresenta un segnale importante e di grande ottimismo\u201d.<\/em><\/p>\n\n\n\n<p>Nelle scorse ore si \u00e8 tenuta a Palazzo Zanca una riunione dell\u2019assessore con delega alle Politiche Sportive Francesco Gallo insieme al presidente del Comitato Organizzatore della Maratona Antonello Aliberti e ai rappresentanti dell\u2019Odysseus Silvio Costanzo, Giovanni Barbera e Giovanni Barbiglia. A conclusione dell\u2019incontro, Gallo ha dichiarato di avere apprezzato la sensibilit\u00e0 dimostrata dai promotori della Maratona di Messina nel concordare il rinvio al 2022. <\/p>\n\n\n\n<p><em>\u201cAbbiamo convenuto che fino a quando non sar\u00e0 concretamente cessato il pericolo pandemico, sia pi\u00f9 opportuno evitare ogni rischio di assembramento. A ci\u00f2 si aggiunge che l\u2019importanza di certe manifestazioni \u00e8 legata pure alla loro capacit\u00e0 di promuovere un\u2019attivit\u00e0 sportiva e di attrarre flussi turistici; finalit\u00e0 queste che verrebbero compromesse dall\u2019assenza di pubblico\u201d. <\/em><\/p>\n","protected":false},"excerpt":{"rendered":"<p>Vista la perdurante emergenza sanitaria legata al Covid-19 e tenendo conto delle necessit\u00e0 organizzative di una gara podistica internazionale FIDAL e, soprattutto, della tutela delle componenti coinvolte, la Polisportiva Odysseus ha annullato la manifestazione, in calendario domenica 21 marzo. La Fontalba Marathon Messina d\u00e0 quindi l\u2019appuntamento alla primavera del 2022. Prevista in calendario per domenica [&hellip;]<\/p>\n","protected":false},"author":17,"featured_media":54905,"comment_status":"open","ping_status":"open","sticky":false,"template":"","format":"standard","meta":{"ub_ctt_via":"","_mi_skip_tracking":false},"categories":[8,9],"tags":[],"featured_image_src":"https:\/\/www.messinaoggi.it\/website\/wp-content\/uploads\/2021\/03\/La-partenza-della-maratona-delledizione-2019.jpg","author_info":{"display_name":"Giuseppe Luppino","author_link":"https:\/\/www.messinaoggi.it\/website\/author\/g-luppino\/"},"digistream_id":0,"digistream":false,"_links":{"self":[{"href":"https:\/\/www.messinaoggi.it\/website\/wp-json\/wp\/v2\/posts\/54904"}],"collection":[{"href":"https:\/\/www.messinaoggi.it\/website\/wp-json\/wp\/v2\/posts"}],"about":[{"href":"https:\/\/www.messinaoggi.it\/website\/wp-json\/wp\/v2\/types\/post"}],"author":[{"embeddable":true,"href":"https:\/\/www.messinaoggi.it\/website\/wp-json\/wp\/v2\/users\/17"}],"replies":[{"embeddable":true,"href":"https:\/\/www.messinaoggi.it\/website\/wp-json\/wp\/v2\/comments?post=54904"}],"version-history":[{"count":1,"href":"https:\/\/www.messinaoggi.it\/website\/wp-json\/wp\/v2\/posts\/54904\/revisions"}],"predecessor-version":[{"id":54907,"href":"https:\/\/www.messinaoggi.it\/website\/wp-json\/wp\/v2\/posts\/54904\/revisions\/54907"}],"wp:featuredmedia":[{"embeddable":true,"href":"https:\/\/www.messinaoggi.it\/website\/wp-json\/wp\/v2\/media\/54905"}],"wp:attachment":[{"href":"https:\/\/www.messinaoggi.it\/website\/wp-json\/wp\/v2\/media?parent=54904"}],"wp:term":[{"taxonomy":"category","embeddable":true,"href":"https:\/\/www.messinaoggi.it\/website\/wp-json\/wp\/v2\/categories?post=54904"},{"taxonomy":"post_tag","embeddable":true,"href":"https:\/\/www.messinaoggi.it\/website\/wp-json\/wp\/v2\/tags?post=54904"}],"curies":[{"name":"wp","href":"https:\/\/api.w.org\/{rel}","templated":true}]}}