{"id":54899,"date":"2021-03-11T09:30:00","date_gmt":"2021-03-11T08:30:00","guid":{"rendered":"http:\/\/www.messinaoggi.it\/website\/?p=54899"},"modified":"2021-03-10T17:17:13","modified_gmt":"2021-03-10T16:17:13","slug":"auto-slalom-aperte-le-iscrizioni-per-la-gara-salita-dei-monti-iblei-2021","status":"publish","type":"post","link":"https:\/\/www.messinaoggi.it\/website\/2021\/03\/11\/auto-slalom-aperte-le-iscrizioni-per-la-gara-salita-dei-monti-iblei-2021\/","title":{"rendered":"AUTO SLALOM &#8211; Aperte le iscrizioni per la gara &#8220;Salita dei Monti Iblei 2021&#8221;"},"content":{"rendered":"\n<p>La Salita dei Monti Iblei 2021 ha aperto le iscrizioni. E\u2019 iniziata la fase di avvicinamento alla gara ragusana promossa dal Comune di Chiaramonte Gulfi con l\u2019organizzazione tecnica di Promoter Kinisia coordinata dall\u2019infaticabile Peppe Licata ed il supporto dell\u2019Associazione Cinquecentisti Chiaramontani. <div id=\"div-gpt-ad-Messinaoggi.it-DSK-300x250-corpoart\" style=\"text-align:center;margin:0 auto;\"><\/div><\/p>\n\n\n\n<p>Le iscrizioni, in modalit\u00e0 on line come previsto dalla norma, attraverso il <a rel=\"noreferrer noopener\" href=\"http:\/\/www.acisport.it\/public_federazione\/2021\/pdf\/RPG\/allegato_covid_2021.pdf\" target=\"_blank\">sito della Federazione<\/a> , rimarranno aperte fino a luned\u00ec 12 aprile.<div id=\"videoincontent\" style=\"clear:both\";><\/div><\/p>\n\n\n\n<p>Nell\u2019edizione 2021 la competizione, che affonda le sue radici in ben 70 anni di storia prestigiosa e blasonata, segner\u00e0 l\u2019apertura del calendario della serie nazionale cadetta Trofeo Italiano Velocit\u00e0 Montagna sud, oltre che del Campionato Siciliano Velocit\u00e0 Salita per auto moderne e auto storiche, le sempre affascinati vetture che hanno scritto da protagoniste la lunga storia automobilistica, passata anche attraverso la gara nata a Ragusa, ma cresciuta a Chiaramonte Gulfi.<\/p>\n\n\n\n<p>Il centro della sempre pi\u00f9 apprezzata competizione, dopo una eclatante edizione d\u2019esordio tra la stazione di Ibla e Ragusa, disputata domenica 24 giugno 1951, si \u00e8 spostata definitivamente a Chiaramonte Gulfi a partire dal 1957. Fasi alterne per il tracciato tra la versione pi\u00f9 lunga come quella 2021 da 8,5 Km e quella pi\u00f9 ridotta da 5,2 Km. Il 18 aprile 2021 la gara si disputer\u00e0 in salita unica, per via del tracciato allungato.<\/p>\n\n\n\n<figure class=\"wp-block-image size-large\"><img loading=\"lazy\" width=\"1024\" height=\"682\" src=\"https:\/\/www.messinaoggi.it\/website\/wp-content\/uploads\/2021\/03\/luigi_fazzino-1024x682.jpeg\" alt=\"\" class=\"wp-image-54901\" srcset=\"https:\/\/www.messinaoggi.it\/website\/wp-content\/uploads\/2021\/03\/luigi_fazzino-1024x682.jpeg 1024w, https:\/\/www.messinaoggi.it\/website\/wp-content\/uploads\/2021\/03\/luigi_fazzino-300x200.jpeg 300w, https:\/\/www.messinaoggi.it\/website\/wp-content\/uploads\/2021\/03\/luigi_fazzino-768x512.jpeg 768w, https:\/\/www.messinaoggi.it\/website\/wp-content\/uploads\/2021\/03\/luigi_fazzino-1536x1023.jpeg 1536w, https:\/\/www.messinaoggi.it\/website\/wp-content\/uploads\/2021\/03\/luigi_fazzino.jpeg 1600w\" sizes=\"(max-width: 1024px) 100vw, 1024px\" \/><figcaption><strong><em>Luigi Fazzino<\/em><\/strong><\/figcaption><\/figure>\n\n\n\n<p>Tutte al lavoro le componenti della squadra che con entusiasmo ha voluto il rientro della competizione nel calendario nazionale, ad iniziare dall\u2019Amministrazione chiaramontana con il primo Cittadino On. Sebastiano Gurrieri, affiancata dagli organizzatori di Promoter Kinisia e l\u2019Associazione Cinquecentisti Chiaramontani, vera forza operativa sul campo.<\/p>\n\n\n\n<p>Con il conto alla rovescia cresce l\u2019attesa verso il ritorno di un evento sportivo icona di un intero territorio. Il week end di gara avr\u00e0 una massiccia copertura mediatica al fine di offrire quantit\u00e0 adeguate di informazioni per sopperire un p\u00f2 all\u2019assenza forzata del pubblico. La gara sar\u00e0 trasmessa in diretta TV e streaming.<\/p>\n\n\n\n<p>Tante le strutture ricettive convenzionate con l\u2019organizzazione attraverso il Comune di Chiaramonte Gulfi per favorire l\u2019arrivo e la permanenza in sicurezza di team e piloti.<\/p>\n","protected":false},"excerpt":{"rendered":"<p>La Salita dei Monti Iblei 2021 ha aperto le iscrizioni. E\u2019 iniziata la fase di avvicinamento alla gara ragusana promossa dal Comune di Chiaramonte Gulfi con l\u2019organizzazione tecnica di Promoter Kinisia coordinata dall\u2019infaticabile Peppe Licata ed il supporto dell\u2019Associazione Cinquecentisti Chiaramontani. Le iscrizioni, in modalit\u00e0 on line come previsto dalla norma, attraverso il sito della [&hellip;]<\/p>\n","protected":false},"author":17,"featured_media":54900,"comment_status":"open","ping_status":"open","sticky":false,"template":"","format":"standard","meta":{"ub_ctt_via":"","_mi_skip_tracking":false},"categories":[8,9],"tags":[826],"featured_image_src":"https:\/\/www.messinaoggi.it\/website\/wp-content\/uploads\/2021\/03\/cubeda_osellafa30zytek_montiiblei2019_2.jpg","author_info":{"display_name":"Giuseppe Luppino","author_link":"https:\/\/www.messinaoggi.it\/website\/author\/g-luppino\/"},"digistream_id":0,"digistream":false,"_links":{"self":[{"href":"https:\/\/www.messinaoggi.it\/website\/wp-json\/wp\/v2\/posts\/54899"}],"collection":[{"href":"https:\/\/www.messinaoggi.it\/website\/wp-json\/wp\/v2\/posts"}],"about":[{"href":"https:\/\/www.messinaoggi.it\/website\/wp-json\/wp\/v2\/types\/post"}],"author":[{"embeddable":true,"href":"https:\/\/www.messinaoggi.it\/website\/wp-json\/wp\/v2\/users\/17"}],"replies":[{"embeddable":true,"href":"https:\/\/www.messinaoggi.it\/website\/wp-json\/wp\/v2\/comments?post=54899"}],"version-history":[{"count":3,"href":"https:\/\/www.messinaoggi.it\/website\/wp-json\/wp\/v2\/posts\/54899\/revisions"}],"predecessor-version":[{"id":54923,"href":"https:\/\/www.messinaoggi.it\/website\/wp-json\/wp\/v2\/posts\/54899\/revisions\/54923"}],"wp:featuredmedia":[{"embeddable":true,"href":"https:\/\/www.messinaoggi.it\/website\/wp-json\/wp\/v2\/media\/54900"}],"wp:attachment":[{"href":"https:\/\/www.messinaoggi.it\/website\/wp-json\/wp\/v2\/media?parent=54899"}],"wp:term":[{"taxonomy":"category","embeddable":true,"href":"https:\/\/www.messinaoggi.it\/website\/wp-json\/wp\/v2\/categories?post=54899"},{"taxonomy":"post_tag","embeddable":true,"href":"https:\/\/www.messinaoggi.it\/website\/wp-json\/wp\/v2\/tags?post=54899"}],"curies":[{"name":"wp","href":"https:\/\/api.w.org\/{rel}","templated":true}]}}